{"id":4158,"date":"2024-08-28T11:08:34","date_gmt":"2024-08-28T11:08:34","guid":{"rendered":"https:\/\/equitas.site\/tre-kvinder-ifoert-afsloerende-badetoej-blev-naegtet-adgang-til-en-svoemmehal-i-remich\/"},"modified":"2024-09-15T14:47:47","modified_gmt":"2024-09-15T14:47:47","slug":"tre-kvinder-ifoert-afsloerende-badetoej-blev-naegtet-adgang-til-en-svoemmehal-i-remich","status":"publish","type":"post","link":"https:\/\/equitas.site\/da\/tre-kvinder-ifoert-afsloerende-badetoej-blev-naegtet-adgang-til-en-svoemmehal-i-remich\/","title":{"rendered":"Tre kvinder if\u00f8rt afsl\u00f8rende badet\u00f8j blev n\u00e6gtet adgang til en sv\u00f8mmehal i Remich"},"content":{"rendered":"\n<p>Den 24. august 2024 blev tre kvinder if\u00f8rt afsl\u00f8rende badet\u00f8j n\u00e6gtet adgang til sv\u00f8mmehallen i Remich (en kommune i det syd\u00f8stlige Luxembourg) af en livredder, som h\u00e6vdede, at deres p\u00e5kl\u00e6dning var ulovlig.<\/p>\n\n<p>Men i Luxembourg er der ingen lovgivning, der forbyder afsl\u00f8rende t\u00f8j i offentlige badeomr\u00e5der, s\u00e5 det er op til de enkelte badeomr\u00e5der at beslutte.\nDet skaber forskelle p\u00e5 tv\u00e6rs af landet og en f\u00f8lelse af diskrimination for dem, der n\u00e6gtes adgang. <\/p>\n\n<p>Denne mulighed b\u00f8r standardiseres p\u00e5 nationalt plan for at undg\u00e5 situationer, hvor nogle kvinder udelukkes, idet man skal huske p\u00e5, at l\u00e6ngden af badedragten ikke har noget at g\u00f8re med hygiejne- og sikkerhedskriterier, som ofte p\u00e5ber\u00e5bes for at retf\u00e6rdigg\u00f8re forbuddet mod lange badedragter.<\/p>\n","protected":false},"excerpt":{"rendered":"<p>Den 24. august 2024 blev tre kvinder if\u00f8rt afsl\u00f8rende badet\u00f8j n\u00e6gtet adgang til sv\u00f8mmehallen i Remich (en kommune i det syd\u00f8stlige Luxembourg) af en livredder, som h\u00e6vdede, at deres p\u00e5kl\u00e6dning var ulovlig. Men i Luxembourg er der ingen lovgivning, der forbyder afsl\u00f8rende t\u00f8j i offentlige badeomr\u00e5der, s\u00e5 det er op til de enkelte badeomr\u00e5der at [&hellip;]<\/p>\n","protected":false},"author":2,"featured_media":3800,"comment_status":"open","ping_status":"open","sticky":false,"template":"","format":"standard","meta":{"footnotes":""},"categories":[186,111],"tags":[187,188],"class_list":["post-4158","post","type-post","status-publish","format-standard","has-post-thumbnail","hentry","category-luxembourg-da","category-nyheder","tag-burkini-da","tag-luxembourg-da"],"yoast_head":"<!-- This site is optimized with the Yoast SEO plugin v27.1.1 - https:\/\/yoast.com\/product\/yoast-seo-wordpress\/ -->\n<title>Tre kvinder if\u00f8rt afsl\u00f8rende badet\u00f8j blev n\u00e6gtet adgang til en sv\u00f8mmehal i Remich - Equitas<\/title>\n<meta name=\"robots\" content=\"index, follow, max-snippet:-1, max-image-preview:large, max-video-preview:-1\" \/>\n<link rel=\"canonical\" href=\"https:\/\/equitas.site\/da\/tre-kvinder-ifoert-afsloerende-badetoej-blev-naegtet-adgang-til-en-svoemmehal-i-remich\/\" \/>\n<meta property=\"og:locale\" content=\"da_DK\" \/>\n<meta property=\"og:type\" content=\"article\" \/>\n<meta property=\"og:title\" content=\"Tre kvinder if\u00f8rt afsl\u00f8rende badet\u00f8j blev n\u00e6gtet adgang til en sv\u00f8mmehal i Remich - Equitas\" \/>\n<meta property=\"og:description\" content=\"Den 24. august 2024 blev tre kvinder if\u00f8rt afsl\u00f8rende badet\u00f8j n\u00e6gtet adgang til sv\u00f8mmehallen i Remich (en kommune i det syd\u00f8stlige Luxembourg) af en livredder, som h\u00e6vdede, at deres p\u00e5kl\u00e6dning var ulovlig. Men i Luxembourg er der ingen lovgivning, der forbyder afsl\u00f8rende t\u00f8j i offentlige badeomr\u00e5der, s\u00e5 det er op til de enkelte badeomr\u00e5der at [&hellip;]\" \/>\n<meta property=\"og:url\" content=\"https:\/\/equitas.site\/da\/tre-kvinder-ifoert-afsloerende-badetoej-blev-naegtet-adgang-til-en-svoemmehal-i-remich\/\" \/>\n<meta property=\"og:site_name\" content=\"Equitas\" \/>\n<meta property=\"article:published_time\" content=\"2024-08-28T11:08:34+00:00\" \/>\n<meta property=\"article:modified_time\" content=\"2024-09-15T14:47:47+00:00\" \/>\n<meta property=\"og:image\" content=\"https:\/\/equitas.site\/wp-content\/uploads\/2024\/08\/Luxembourg-burkini.png\" \/>\n\t<meta property=\"og:image:width\" content=\"1280\" \/>\n\t<meta property=\"og:image:height\" content=\"720\" \/>\n\t<meta property=\"og:image:type\" content=\"image\/png\" \/>\n<meta name=\"author\" content=\"Equitas\" \/>\n<meta name=\"twitter:card\" content=\"summary_large_image\" \/>\n<meta name=\"twitter:label1\" content=\"Skrevet af\" \/>\n\t<meta name=\"twitter:data1\" content=\"Equitas\" \/>\n\t<meta name=\"twitter:label2\" content=\"Estimeret l\u00e6setid\" \/>\n\t<meta name=\"twitter:data2\" content=\"1 minut\" \/>\n<script type=\"application\/ld+json\" class=\"yoast-schema-graph\">{\"@context\":\"https:\/\/schema.org\",\"@graph\":[{\"@type\":\"Article\",\"@id\":\"https:\/\/equitas.site\/da\/tre-kvinder-ifoert-afsloerende-badetoej-blev-naegtet-adgang-til-en-svoemmehal-i-remich\/#article\",\"isPartOf\":{\"@id\":\"https:\/\/equitas.site\/da\/tre-kvinder-ifoert-afsloerende-badetoej-blev-naegtet-adgang-til-en-svoemmehal-i-remich\/\"},\"author\":{\"name\":\"Equitas\",\"@id\":\"https:\/\/equitas.site\/#\/schema\/person\/dd7e17205703348c59742d137575de32\"},\"headline\":\"Tre kvinder if\u00f8rt afsl\u00f8rende badet\u00f8j blev n\u00e6gtet adgang til en sv\u00f8mmehal i Remich\",\"datePublished\":\"2024-08-28T11:08:34+00:00\",\"dateModified\":\"2024-09-15T14:47:47+00:00\",\"mainEntityOfPage\":{\"@id\":\"https:\/\/equitas.site\/da\/tre-kvinder-ifoert-afsloerende-badetoej-blev-naegtet-adgang-til-en-svoemmehal-i-remich\/\"},\"wordCount\":155,\"commentCount\":0,\"publisher\":{\"@id\":\"https:\/\/equitas.site\/#organization\"},\"image\":{\"@id\":\"https:\/\/equitas.site\/da\/tre-kvinder-ifoert-afsloerende-badetoej-blev-naegtet-adgang-til-en-svoemmehal-i-remich\/#primaryimage\"},\"thumbnailUrl\":\"https:\/\/equitas.site\/wp-content\/uploads\/2024\/08\/Luxembourg-burkini.png\",\"keywords\":[\"burkini\",\"luxembourg\"],\"articleSection\":[\"Luxembourg\",\"Nyheder\"],\"inLanguage\":\"da-DK\",\"potentialAction\":[{\"@type\":\"CommentAction\",\"name\":\"Comment\",\"target\":[\"https:\/\/equitas.site\/da\/tre-kvinder-ifoert-afsloerende-badetoej-blev-naegtet-adgang-til-en-svoemmehal-i-remich\/#respond\"]}]},{\"@type\":\"WebPage\",\"@id\":\"https:\/\/equitas.site\/da\/tre-kvinder-ifoert-afsloerende-badetoej-blev-naegtet-adgang-til-en-svoemmehal-i-remich\/\",\"url\":\"https:\/\/equitas.site\/da\/tre-kvinder-ifoert-afsloerende-badetoej-blev-naegtet-adgang-til-en-svoemmehal-i-remich\/\",\"name\":\"Tre kvinder if\u00f8rt afsl\u00f8rende badet\u00f8j blev n\u00e6gtet adgang til en sv\u00f8mmehal i Remich - Equitas\",\"isPartOf\":{\"@id\":\"https:\/\/equitas.site\/#website\"},\"primaryImageOfPage\":{\"@id\":\"https:\/\/equitas.site\/da\/tre-kvinder-ifoert-afsloerende-badetoej-blev-naegtet-adgang-til-en-svoemmehal-i-remich\/#primaryimage\"},\"image\":{\"@id\":\"https:\/\/equitas.site\/da\/tre-kvinder-ifoert-afsloerende-badetoej-blev-naegtet-adgang-til-en-svoemmehal-i-remich\/#primaryimage\"},\"thumbnailUrl\":\"https:\/\/equitas.site\/wp-content\/uploads\/2024\/08\/Luxembourg-burkini.png\",\"datePublished\":\"2024-08-28T11:08:34+00:00\",\"dateModified\":\"2024-09-15T14:47:47+00:00\",\"breadcrumb\":{\"@id\":\"https:\/\/equitas.site\/da\/tre-kvinder-ifoert-afsloerende-badetoej-blev-naegtet-adgang-til-en-svoemmehal-i-remich\/#breadcrumb\"},\"inLanguage\":\"da-DK\",\"potentialAction\":[{\"@type\":\"ReadAction\",\"target\":[\"https:\/\/equitas.site\/da\/tre-kvinder-ifoert-afsloerende-badetoej-blev-naegtet-adgang-til-en-svoemmehal-i-remich\/\"]}]},{\"@type\":\"ImageObject\",\"inLanguage\":\"da-DK\",\"@id\":\"https:\/\/equitas.site\/da\/tre-kvinder-ifoert-afsloerende-badetoej-blev-naegtet-adgang-til-en-svoemmehal-i-remich\/#primaryimage\",\"url\":\"https:\/\/equitas.site\/wp-content\/uploads\/2024\/08\/Luxembourg-burkini.png\",\"contentUrl\":\"https:\/\/equitas.site\/wp-content\/uploads\/2024\/08\/Luxembourg-burkini.png\",\"width\":1280,\"height\":720},{\"@type\":\"BreadcrumbList\",\"@id\":\"https:\/\/equitas.site\/da\/tre-kvinder-ifoert-afsloerende-badetoej-blev-naegtet-adgang-til-en-svoemmehal-i-remich\/#breadcrumb\",\"itemListElement\":[{\"@type\":\"ListItem\",\"position\":1,\"name\":\"Accueil\",\"item\":\"https:\/\/equitas.site\/da\/\"},{\"@type\":\"ListItem\",\"position\":2,\"name\":\"Tre kvinder if\u00f8rt afsl\u00f8rende badet\u00f8j blev n\u00e6gtet adgang til en sv\u00f8mmehal i Remich\"}]},{\"@type\":\"WebSite\",\"@id\":\"https:\/\/equitas.site\/#website\",\"url\":\"https:\/\/equitas.site\/\",\"name\":\"Equitas\",\"description\":\"Your shield against hate.\",\"publisher\":{\"@id\":\"https:\/\/equitas.site\/#organization\"},\"potentialAction\":[{\"@type\":\"SearchAction\",\"target\":{\"@type\":\"EntryPoint\",\"urlTemplate\":\"https:\/\/equitas.site\/?s={search_term_string}\"},\"query-input\":{\"@type\":\"PropertyValueSpecification\",\"valueRequired\":true,\"valueName\":\"search_term_string\"}}],\"inLanguage\":\"da-DK\"},{\"@type\":\"Organization\",\"@id\":\"https:\/\/equitas.site\/#organization\",\"name\":\"Equitas\",\"url\":\"https:\/\/equitas.site\/\",\"logo\":{\"@type\":\"ImageObject\",\"inLanguage\":\"da-DK\",\"@id\":\"https:\/\/equitas.site\/#\/schema\/logo\/image\/\",\"url\":\"https:\/\/equitas.site\/wp-content\/uploads\/2024\/03\/Groupe-2.png\",\"contentUrl\":\"https:\/\/equitas.site\/wp-content\/uploads\/2024\/03\/Groupe-2.png\",\"width\":188,\"height\":44,\"caption\":\"Equitas\"},\"image\":{\"@id\":\"https:\/\/equitas.site\/#\/schema\/logo\/image\/\"}},{\"@type\":\"Person\",\"@id\":\"https:\/\/equitas.site\/#\/schema\/person\/dd7e17205703348c59742d137575de32\",\"name\":\"Equitas\",\"image\":{\"@type\":\"ImageObject\",\"inLanguage\":\"da-DK\",\"@id\":\"https:\/\/equitas.site\/#\/schema\/person\/image\/\",\"url\":\"https:\/\/secure.gravatar.com\/avatar\/?s=96&d=mm&r=g\",\"contentUrl\":\"https:\/\/secure.gravatar.com\/avatar\/?s=96&d=mm&r=g\",\"caption\":\"Equitas\"},\"url\":\"https:\/\/equitas.site\/da\/author\/equitas\/\"}]}<\/script>\n<!-- \/ Yoast SEO plugin. -->","yoast_head_json":{"title":"Tre kvinder if\u00f8rt afsl\u00f8rende badet\u00f8j blev n\u00e6gtet adgang til en sv\u00f8mmehal i Remich - Equitas","robots":{"index":"index","follow":"follow","max-snippet":"max-snippet:-1","max-image-preview":"max-image-preview:large","max-video-preview":"max-video-preview:-1"},"canonical":"https:\/\/equitas.site\/da\/tre-kvinder-ifoert-afsloerende-badetoej-blev-naegtet-adgang-til-en-svoemmehal-i-remich\/","og_locale":"da_DK","og_type":"article","og_title":"Tre kvinder if\u00f8rt afsl\u00f8rende badet\u00f8j blev n\u00e6gtet adgang til en sv\u00f8mmehal i Remich - Equitas","og_description":"Den 24. august 2024 blev tre kvinder if\u00f8rt afsl\u00f8rende badet\u00f8j n\u00e6gtet adgang til sv\u00f8mmehallen i Remich (en kommune i det syd\u00f8stlige Luxembourg) af en livredder, som h\u00e6vdede, at deres p\u00e5kl\u00e6dning var ulovlig. Men i Luxembourg er der ingen lovgivning, der forbyder afsl\u00f8rende t\u00f8j i offentlige badeomr\u00e5der, s\u00e5 det er op til de enkelte badeomr\u00e5der at [&hellip;]","og_url":"https:\/\/equitas.site\/da\/tre-kvinder-ifoert-afsloerende-badetoej-blev-naegtet-adgang-til-en-svoemmehal-i-remich\/","og_site_name":"Equitas","article_published_time":"2024-08-28T11:08:34+00:00","article_modified_time":"2024-09-15T14:47:47+00:00","og_image":[{"width":1280,"height":720,"url":"https:\/\/equitas.site\/wp-content\/uploads\/2024\/08\/Luxembourg-burkini.png","type":"image\/png"}],"author":"Equitas","twitter_card":"summary_large_image","twitter_misc":{"Skrevet af":"Equitas","Estimeret l\u00e6setid":"1 minut"},"schema":{"@context":"https:\/\/schema.org","@graph":[{"@type":"Article","@id":"https:\/\/equitas.site\/da\/tre-kvinder-ifoert-afsloerende-badetoej-blev-naegtet-adgang-til-en-svoemmehal-i-remich\/#article","isPartOf":{"@id":"https:\/\/equitas.site\/da\/tre-kvinder-ifoert-afsloerende-badetoej-blev-naegtet-adgang-til-en-svoemmehal-i-remich\/"},"author":{"name":"Equitas","@id":"https:\/\/equitas.site\/#\/schema\/person\/dd7e17205703348c59742d137575de32"},"headline":"Tre kvinder if\u00f8rt afsl\u00f8rende badet\u00f8j blev n\u00e6gtet adgang til en sv\u00f8mmehal i Remich","datePublished":"2024-08-28T11:08:34+00:00","dateModified":"2024-09-15T14:47:47+00:00","mainEntityOfPage":{"@id":"https:\/\/equitas.site\/da\/tre-kvinder-ifoert-afsloerende-badetoej-blev-naegtet-adgang-til-en-svoemmehal-i-remich\/"},"wordCount":155,"commentCount":0,"publisher":{"@id":"https:\/\/equitas.site\/#organization"},"image":{"@id":"https:\/\/equitas.site\/da\/tre-kvinder-ifoert-afsloerende-badetoej-blev-naegtet-adgang-til-en-svoemmehal-i-remich\/#primaryimage"},"thumbnailUrl":"https:\/\/equitas.site\/wp-content\/uploads\/2024\/08\/Luxembourg-burkini.png","keywords":["burkini","luxembourg"],"articleSection":["Luxembourg","Nyheder"],"inLanguage":"da-DK","potentialAction":[{"@type":"CommentAction","name":"Comment","target":["https:\/\/equitas.site\/da\/tre-kvinder-ifoert-afsloerende-badetoej-blev-naegtet-adgang-til-en-svoemmehal-i-remich\/#respond"]}]},{"@type":"WebPage","@id":"https:\/\/equitas.site\/da\/tre-kvinder-ifoert-afsloerende-badetoej-blev-naegtet-adgang-til-en-svoemmehal-i-remich\/","url":"https:\/\/equitas.site\/da\/tre-kvinder-ifoert-afsloerende-badetoej-blev-naegtet-adgang-til-en-svoemmehal-i-remich\/","name":"Tre kvinder if\u00f8rt afsl\u00f8rende badet\u00f8j blev n\u00e6gtet adgang til en sv\u00f8mmehal i Remich - Equitas","isPartOf":{"@id":"https:\/\/equitas.site\/#website"},"primaryImageOfPage":{"@id":"https:\/\/equitas.site\/da\/tre-kvinder-ifoert-afsloerende-badetoej-blev-naegtet-adgang-til-en-svoemmehal-i-remich\/#primaryimage"},"image":{"@id":"https:\/\/equitas.site\/da\/tre-kvinder-ifoert-afsloerende-badetoej-blev-naegtet-adgang-til-en-svoemmehal-i-remich\/#primaryimage"},"thumbnailUrl":"https:\/\/equitas.site\/wp-content\/uploads\/2024\/08\/Luxembourg-burkini.png","datePublished":"2024-08-28T11:08:34+00:00","dateModified":"2024-09-15T14:47:47+00:00","breadcrumb":{"@id":"https:\/\/equitas.site\/da\/tre-kvinder-ifoert-afsloerende-badetoej-blev-naegtet-adgang-til-en-svoemmehal-i-remich\/#breadcrumb"},"inLanguage":"da-DK","potentialAction":[{"@type":"ReadAction","target":["https:\/\/equitas.site\/da\/tre-kvinder-ifoert-afsloerende-badetoej-blev-naegtet-adgang-til-en-svoemmehal-i-remich\/"]}]},{"@type":"ImageObject","inLanguage":"da-DK","@id":"https:\/\/equitas.site\/da\/tre-kvinder-ifoert-afsloerende-badetoej-blev-naegtet-adgang-til-en-svoemmehal-i-remich\/#primaryimage","url":"https:\/\/equitas.site\/wp-content\/uploads\/2024\/08\/Luxembourg-burkini.png","contentUrl":"https:\/\/equitas.site\/wp-content\/uploads\/2024\/08\/Luxembourg-burkini.png","width":1280,"height":720},{"@type":"BreadcrumbList","@id":"https:\/\/equitas.site\/da\/tre-kvinder-ifoert-afsloerende-badetoej-blev-naegtet-adgang-til-en-svoemmehal-i-remich\/#breadcrumb","itemListElement":[{"@type":"ListItem","position":1,"name":"Accueil","item":"https:\/\/equitas.site\/da\/"},{"@type":"ListItem","position":2,"name":"Tre kvinder if\u00f8rt afsl\u00f8rende badet\u00f8j blev n\u00e6gtet adgang til en sv\u00f8mmehal i Remich"}]},{"@type":"WebSite","@id":"https:\/\/equitas.site\/#website","url":"https:\/\/equitas.site\/","name":"Equitas","description":"Your shield against hate.","publisher":{"@id":"https:\/\/equitas.site\/#organization"},"potentialAction":[{"@type":"SearchAction","target":{"@type":"EntryPoint","urlTemplate":"https:\/\/equitas.site\/?s={search_term_string}"},"query-input":{"@type":"PropertyValueSpecification","valueRequired":true,"valueName":"search_term_string"}}],"inLanguage":"da-DK"},{"@type":"Organization","@id":"https:\/\/equitas.site\/#organization","name":"Equitas","url":"https:\/\/equitas.site\/","logo":{"@type":"ImageObject","inLanguage":"da-DK","@id":"https:\/\/equitas.site\/#\/schema\/logo\/image\/","url":"https:\/\/equitas.site\/wp-content\/uploads\/2024\/03\/Groupe-2.png","contentUrl":"https:\/\/equitas.site\/wp-content\/uploads\/2024\/03\/Groupe-2.png","width":188,"height":44,"caption":"Equitas"},"image":{"@id":"https:\/\/equitas.site\/#\/schema\/logo\/image\/"}},{"@type":"Person","@id":"https:\/\/equitas.site\/#\/schema\/person\/dd7e17205703348c59742d137575de32","name":"Equitas","image":{"@type":"ImageObject","inLanguage":"da-DK","@id":"https:\/\/equitas.site\/#\/schema\/person\/image\/","url":"https:\/\/secure.gravatar.com\/avatar\/?s=96&d=mm&r=g","contentUrl":"https:\/\/secure.gravatar.com\/avatar\/?s=96&d=mm&r=g","caption":"Equitas"},"url":"https:\/\/equitas.site\/da\/author\/equitas\/"}]}},"_links":{"self":[{"href":"https:\/\/equitas.site\/da\/wp-json\/wp\/v2\/posts\/4158","targetHints":{"allow":["GET"]}}],"collection":[{"href":"https:\/\/equitas.site\/da\/wp-json\/wp\/v2\/posts"}],"about":[{"href":"https:\/\/equitas.site\/da\/wp-json\/wp\/v2\/types\/post"}],"author":[{"embeddable":true,"href":"https:\/\/equitas.site\/da\/wp-json\/wp\/v2\/users\/2"}],"replies":[{"embeddable":true,"href":"https:\/\/equitas.site\/da\/wp-json\/wp\/v2\/comments?post=4158"}],"version-history":[{"count":1,"href":"https:\/\/equitas.site\/da\/wp-json\/wp\/v2\/posts\/4158\/revisions"}],"predecessor-version":[{"id":4159,"href":"https:\/\/equitas.site\/da\/wp-json\/wp\/v2\/posts\/4158\/revisions\/4159"}],"wp:featuredmedia":[{"embeddable":true,"href":"https:\/\/equitas.site\/da\/wp-json\/wp\/v2\/media\/3800"}],"wp:attachment":[{"href":"https:\/\/equitas.site\/da\/wp-json\/wp\/v2\/media?parent=4158"}],"wp:term":[{"taxonomy":"category","embeddable":true,"href":"https:\/\/equitas.site\/da\/wp-json\/wp\/v2\/categories?post=4158"},{"taxonomy":"post_tag","embeddable":true,"href":"https:\/\/equitas.site\/da\/wp-json\/wp\/v2\/tags?post=4158"}],"curies":[{"name":"wp","href":"https:\/\/api.w.org\/{rel}","templated":true}]}}