{"id":4226,"date":"2024-08-28T11:08:34","date_gmt":"2024-08-28T11:08:34","guid":{"rendered":"https:\/\/equitas.site\/drei-frauen-in-bedeckenden-badeanzuegen-wurde-der-zutritt-zu-einem-schwimmbad-in-remich-verwehrt\/"},"modified":"2024-09-15T19:51:42","modified_gmt":"2024-09-15T19:51:42","slug":"drei-frauen-in-bedeckenden-badeanzuegen-wurde-der-zutritt-zu-einem-schwimmbad-in-remich-verwehrt","status":"publish","type":"post","link":"https:\/\/equitas.site\/de\/drei-frauen-in-bedeckenden-badeanzuegen-wurde-der-zutritt-zu-einem-schwimmbad-in-remich-verwehrt\/","title":{"rendered":"Drei Frauen in bedeckenden Badeanz\u00fcgen wurde der Zutritt zu einem Schwimmbad in Remich verwehrt."},"content":{"rendered":"\n<p>Am 24. August 2024 wurde drei Frauen in bedeckenden Badeanz\u00fcgen der Zugang zum Becken des Schwimmbads in Remich (einer Gemeinde im S\u00fcdosten Luxemburgs) von einem Bademeister verweigert, der behauptete, dass ihre Kleidung nicht vorschriftsm\u00e4\u00dfig sei.<\/p>\n\n<p>In Luxemburg gibt es jedoch keine Gesetze, die das Tragen von bedeckender Kleidung an \u00f6ffentlichen Badepl\u00e4tzen verbieten, so dass die Entscheidung dar\u00fcber den einzelnen Badepl\u00e4tzen \u00fcberlassen wird.\nDies f\u00fchrt zu Ungleichheiten innerhalb des Landes und zu einem Gef\u00fchl der Diskriminierung f\u00fcr Personen, denen der Zugang verweigert wird. <\/p>\n\n<p>Die L\u00e4nge des Badeanzugs hat keinen Einfluss auf die Hygiene- und Sicherheitskriterien, die oft als Rechtfertigung f\u00fcr das Verbot von langen Badeanz\u00fcgen angef\u00fchrt werden.<\/p>\n","protected":false},"excerpt":{"rendered":"<p>Am 24. August 2024 wurde drei Frauen in bedeckenden Badeanz\u00fcgen der Zugang zum Becken des Schwimmbads in Remich (einer Gemeinde im S\u00fcdosten Luxemburgs) von einem Bademeister verweigert, der behauptete, dass ihre Kleidung nicht vorschriftsm\u00e4\u00dfig sei. In Luxemburg gibt es jedoch keine Gesetze, die das Tragen von bedeckender Kleidung an \u00f6ffentlichen Badepl\u00e4tzen verbieten, so dass die [&hellip;]<\/p>\n","protected":false},"author":2,"featured_media":4228,"comment_status":"open","ping_status":"open","sticky":false,"template":"","format":"standard","meta":{"footnotes":""},"categories":[263,223],"tags":[264,265],"class_list":["post-4226","post","type-post","status-publish","format-standard","has-post-thumbnail","hentry","category-luxemburg-de","category-nachrichten","tag-burkini-de","tag-luxemburg-de"],"yoast_head":"<!-- This site is optimized with the Yoast SEO plugin v27.1.1 - https:\/\/yoast.com\/product\/yoast-seo-wordpress\/ -->\n<title>Drei Frauen in bedeckenden Badeanz\u00fcgen wurde der Zutritt zu einem Schwimmbad in Remich verwehrt. - Equitas<\/title>\n<meta name=\"robots\" content=\"index, follow, max-snippet:-1, max-image-preview:large, max-video-preview:-1\" \/>\n<link rel=\"canonical\" href=\"https:\/\/equitas.site\/de\/drei-frauen-in-bedeckenden-badeanzuegen-wurde-der-zutritt-zu-einem-schwimmbad-in-remich-verwehrt\/\" \/>\n<meta property=\"og:locale\" content=\"de_DE\" \/>\n<meta property=\"og:type\" content=\"article\" \/>\n<meta property=\"og:title\" content=\"Drei Frauen in bedeckenden Badeanz\u00fcgen wurde der Zutritt zu einem Schwimmbad in Remich verwehrt. - Equitas\" \/>\n<meta property=\"og:description\" content=\"Am 24. August 2024 wurde drei Frauen in bedeckenden Badeanz\u00fcgen der Zugang zum Becken des Schwimmbads in Remich (einer Gemeinde im S\u00fcdosten Luxemburgs) von einem Bademeister verweigert, der behauptete, dass ihre Kleidung nicht vorschriftsm\u00e4\u00dfig sei. In Luxemburg gibt es jedoch keine Gesetze, die das Tragen von bedeckender Kleidung an \u00f6ffentlichen Badepl\u00e4tzen verbieten, so dass die [&hellip;]\" \/>\n<meta property=\"og:url\" content=\"https:\/\/equitas.site\/de\/drei-frauen-in-bedeckenden-badeanzuegen-wurde-der-zutritt-zu-einem-schwimmbad-in-remich-verwehrt\/\" \/>\n<meta property=\"og:site_name\" content=\"Equitas\" \/>\n<meta property=\"article:published_time\" content=\"2024-08-28T11:08:34+00:00\" \/>\n<meta property=\"article:modified_time\" content=\"2024-09-15T19:51:42+00:00\" \/>\n<meta property=\"og:image\" content=\"https:\/\/equitas.site\/wp-content\/uploads\/2024\/08\/Luxembourg-burkini.png\" \/>\n\t<meta property=\"og:image:width\" content=\"1280\" \/>\n\t<meta property=\"og:image:height\" content=\"720\" \/>\n\t<meta property=\"og:image:type\" content=\"image\/png\" \/>\n<meta name=\"author\" content=\"Equitas\" \/>\n<meta name=\"twitter:card\" content=\"summary_large_image\" \/>\n<meta name=\"twitter:label1\" content=\"Verfasst von\" \/>\n\t<meta name=\"twitter:data1\" content=\"Equitas\" \/>\n\t<meta name=\"twitter:label2\" content=\"Gesch\u00e4tzte Lesezeit\" \/>\n\t<meta name=\"twitter:data2\" content=\"1\u00a0Minute\" \/>\n<script type=\"application\/ld+json\" class=\"yoast-schema-graph\">{\"@context\":\"https:\/\/schema.org\",\"@graph\":[{\"@type\":\"Article\",\"@id\":\"https:\/\/equitas.site\/de\/drei-frauen-in-bedeckenden-badeanzuegen-wurde-der-zutritt-zu-einem-schwimmbad-in-remich-verwehrt\/#article\",\"isPartOf\":{\"@id\":\"https:\/\/equitas.site\/de\/drei-frauen-in-bedeckenden-badeanzuegen-wurde-der-zutritt-zu-einem-schwimmbad-in-remich-verwehrt\/\"},\"author\":{\"name\":\"Equitas\",\"@id\":\"https:\/\/equitas.site\/#\/schema\/person\/dd7e17205703348c59742d137575de32\"},\"headline\":\"Drei Frauen in bedeckenden Badeanz\u00fcgen wurde der Zutritt zu einem Schwimmbad in Remich verwehrt.\",\"datePublished\":\"2024-08-28T11:08:34+00:00\",\"dateModified\":\"2024-09-15T19:51:42+00:00\",\"mainEntityOfPage\":{\"@id\":\"https:\/\/equitas.site\/de\/drei-frauen-in-bedeckenden-badeanzuegen-wurde-der-zutritt-zu-einem-schwimmbad-in-remich-verwehrt\/\"},\"wordCount\":132,\"commentCount\":0,\"publisher\":{\"@id\":\"https:\/\/equitas.site\/#organization\"},\"image\":{\"@id\":\"https:\/\/equitas.site\/de\/drei-frauen-in-bedeckenden-badeanzuegen-wurde-der-zutritt-zu-einem-schwimmbad-in-remich-verwehrt\/#primaryimage\"},\"thumbnailUrl\":\"https:\/\/equitas.site\/wp-content\/uploads\/2024\/08\/Luxembourg-burkini.png\",\"keywords\":[\"Burkini\",\"luxemburg\"],\"articleSection\":[\"Luxemburg\",\"Nachrichten\"],\"inLanguage\":\"de\",\"potentialAction\":[{\"@type\":\"CommentAction\",\"name\":\"Comment\",\"target\":[\"https:\/\/equitas.site\/de\/drei-frauen-in-bedeckenden-badeanzuegen-wurde-der-zutritt-zu-einem-schwimmbad-in-remich-verwehrt\/#respond\"]}]},{\"@type\":\"WebPage\",\"@id\":\"https:\/\/equitas.site\/de\/drei-frauen-in-bedeckenden-badeanzuegen-wurde-der-zutritt-zu-einem-schwimmbad-in-remich-verwehrt\/\",\"url\":\"https:\/\/equitas.site\/de\/drei-frauen-in-bedeckenden-badeanzuegen-wurde-der-zutritt-zu-einem-schwimmbad-in-remich-verwehrt\/\",\"name\":\"Drei Frauen in bedeckenden Badeanz\u00fcgen wurde der Zutritt zu einem Schwimmbad in Remich verwehrt. - Equitas\",\"isPartOf\":{\"@id\":\"https:\/\/equitas.site\/#website\"},\"primaryImageOfPage\":{\"@id\":\"https:\/\/equitas.site\/de\/drei-frauen-in-bedeckenden-badeanzuegen-wurde-der-zutritt-zu-einem-schwimmbad-in-remich-verwehrt\/#primaryimage\"},\"image\":{\"@id\":\"https:\/\/equitas.site\/de\/drei-frauen-in-bedeckenden-badeanzuegen-wurde-der-zutritt-zu-einem-schwimmbad-in-remich-verwehrt\/#primaryimage\"},\"thumbnailUrl\":\"https:\/\/equitas.site\/wp-content\/uploads\/2024\/08\/Luxembourg-burkini.png\",\"datePublished\":\"2024-08-28T11:08:34+00:00\",\"dateModified\":\"2024-09-15T19:51:42+00:00\",\"breadcrumb\":{\"@id\":\"https:\/\/equitas.site\/de\/drei-frauen-in-bedeckenden-badeanzuegen-wurde-der-zutritt-zu-einem-schwimmbad-in-remich-verwehrt\/#breadcrumb\"},\"inLanguage\":\"de\",\"potentialAction\":[{\"@type\":\"ReadAction\",\"target\":[\"https:\/\/equitas.site\/de\/drei-frauen-in-bedeckenden-badeanzuegen-wurde-der-zutritt-zu-einem-schwimmbad-in-remich-verwehrt\/\"]}]},{\"@type\":\"ImageObject\",\"inLanguage\":\"de\",\"@id\":\"https:\/\/equitas.site\/de\/drei-frauen-in-bedeckenden-badeanzuegen-wurde-der-zutritt-zu-einem-schwimmbad-in-remich-verwehrt\/#primaryimage\",\"url\":\"https:\/\/equitas.site\/wp-content\/uploads\/2024\/08\/Luxembourg-burkini.png\",\"contentUrl\":\"https:\/\/equitas.site\/wp-content\/uploads\/2024\/08\/Luxembourg-burkini.png\",\"width\":1280,\"height\":720},{\"@type\":\"BreadcrumbList\",\"@id\":\"https:\/\/equitas.site\/de\/drei-frauen-in-bedeckenden-badeanzuegen-wurde-der-zutritt-zu-einem-schwimmbad-in-remich-verwehrt\/#breadcrumb\",\"itemListElement\":[{\"@type\":\"ListItem\",\"position\":1,\"name\":\"Accueil\",\"item\":\"https:\/\/equitas.site\/da\/\"},{\"@type\":\"ListItem\",\"position\":2,\"name\":\"Drei Frauen in bedeckenden Badeanz\u00fcgen wurde der Zutritt zu einem Schwimmbad in Remich verwehrt.\"}]},{\"@type\":\"WebSite\",\"@id\":\"https:\/\/equitas.site\/#website\",\"url\":\"https:\/\/equitas.site\/\",\"name\":\"Equitas\",\"description\":\"Your shield against hate.\",\"publisher\":{\"@id\":\"https:\/\/equitas.site\/#organization\"},\"potentialAction\":[{\"@type\":\"SearchAction\",\"target\":{\"@type\":\"EntryPoint\",\"urlTemplate\":\"https:\/\/equitas.site\/?s={search_term_string}\"},\"query-input\":{\"@type\":\"PropertyValueSpecification\",\"valueRequired\":true,\"valueName\":\"search_term_string\"}}],\"inLanguage\":\"de\"},{\"@type\":\"Organization\",\"@id\":\"https:\/\/equitas.site\/#organization\",\"name\":\"Equitas\",\"url\":\"https:\/\/equitas.site\/\",\"logo\":{\"@type\":\"ImageObject\",\"inLanguage\":\"de\",\"@id\":\"https:\/\/equitas.site\/#\/schema\/logo\/image\/\",\"url\":\"https:\/\/equitas.site\/wp-content\/uploads\/2024\/03\/Groupe-2.png\",\"contentUrl\":\"https:\/\/equitas.site\/wp-content\/uploads\/2024\/03\/Groupe-2.png\",\"width\":188,\"height\":44,\"caption\":\"Equitas\"},\"image\":{\"@id\":\"https:\/\/equitas.site\/#\/schema\/logo\/image\/\"}},{\"@type\":\"Person\",\"@id\":\"https:\/\/equitas.site\/#\/schema\/person\/dd7e17205703348c59742d137575de32\",\"name\":\"Equitas\",\"image\":{\"@type\":\"ImageObject\",\"inLanguage\":\"de\",\"@id\":\"https:\/\/equitas.site\/#\/schema\/person\/image\/\",\"url\":\"https:\/\/secure.gravatar.com\/avatar\/?s=96&d=mm&r=g\",\"contentUrl\":\"https:\/\/secure.gravatar.com\/avatar\/?s=96&d=mm&r=g\",\"caption\":\"Equitas\"},\"url\":\"https:\/\/equitas.site\/de\/author\/equitas\/\"}]}<\/script>\n<!-- \/ Yoast SEO plugin. -->","yoast_head_json":{"title":"Drei Frauen in bedeckenden Badeanz\u00fcgen wurde der Zutritt zu einem Schwimmbad in Remich verwehrt. - Equitas","robots":{"index":"index","follow":"follow","max-snippet":"max-snippet:-1","max-image-preview":"max-image-preview:large","max-video-preview":"max-video-preview:-1"},"canonical":"https:\/\/equitas.site\/de\/drei-frauen-in-bedeckenden-badeanzuegen-wurde-der-zutritt-zu-einem-schwimmbad-in-remich-verwehrt\/","og_locale":"de_DE","og_type":"article","og_title":"Drei Frauen in bedeckenden Badeanz\u00fcgen wurde der Zutritt zu einem Schwimmbad in Remich verwehrt. - Equitas","og_description":"Am 24. August 2024 wurde drei Frauen in bedeckenden Badeanz\u00fcgen der Zugang zum Becken des Schwimmbads in Remich (einer Gemeinde im S\u00fcdosten Luxemburgs) von einem Bademeister verweigert, der behauptete, dass ihre Kleidung nicht vorschriftsm\u00e4\u00dfig sei. In Luxemburg gibt es jedoch keine Gesetze, die das Tragen von bedeckender Kleidung an \u00f6ffentlichen Badepl\u00e4tzen verbieten, so dass die [&hellip;]","og_url":"https:\/\/equitas.site\/de\/drei-frauen-in-bedeckenden-badeanzuegen-wurde-der-zutritt-zu-einem-schwimmbad-in-remich-verwehrt\/","og_site_name":"Equitas","article_published_time":"2024-08-28T11:08:34+00:00","article_modified_time":"2024-09-15T19:51:42+00:00","og_image":[{"width":1280,"height":720,"url":"https:\/\/equitas.site\/wp-content\/uploads\/2024\/08\/Luxembourg-burkini.png","type":"image\/png"}],"author":"Equitas","twitter_card":"summary_large_image","twitter_misc":{"Verfasst von":"Equitas","Gesch\u00e4tzte Lesezeit":"1\u00a0Minute"},"schema":{"@context":"https:\/\/schema.org","@graph":[{"@type":"Article","@id":"https:\/\/equitas.site\/de\/drei-frauen-in-bedeckenden-badeanzuegen-wurde-der-zutritt-zu-einem-schwimmbad-in-remich-verwehrt\/#article","isPartOf":{"@id":"https:\/\/equitas.site\/de\/drei-frauen-in-bedeckenden-badeanzuegen-wurde-der-zutritt-zu-einem-schwimmbad-in-remich-verwehrt\/"},"author":{"name":"Equitas","@id":"https:\/\/equitas.site\/#\/schema\/person\/dd7e17205703348c59742d137575de32"},"headline":"Drei Frauen in bedeckenden Badeanz\u00fcgen wurde der Zutritt zu einem Schwimmbad in Remich verwehrt.","datePublished":"2024-08-28T11:08:34+00:00","dateModified":"2024-09-15T19:51:42+00:00","mainEntityOfPage":{"@id":"https:\/\/equitas.site\/de\/drei-frauen-in-bedeckenden-badeanzuegen-wurde-der-zutritt-zu-einem-schwimmbad-in-remich-verwehrt\/"},"wordCount":132,"commentCount":0,"publisher":{"@id":"https:\/\/equitas.site\/#organization"},"image":{"@id":"https:\/\/equitas.site\/de\/drei-frauen-in-bedeckenden-badeanzuegen-wurde-der-zutritt-zu-einem-schwimmbad-in-remich-verwehrt\/#primaryimage"},"thumbnailUrl":"https:\/\/equitas.site\/wp-content\/uploads\/2024\/08\/Luxembourg-burkini.png","keywords":["Burkini","luxemburg"],"articleSection":["Luxemburg","Nachrichten"],"inLanguage":"de","potentialAction":[{"@type":"CommentAction","name":"Comment","target":["https:\/\/equitas.site\/de\/drei-frauen-in-bedeckenden-badeanzuegen-wurde-der-zutritt-zu-einem-schwimmbad-in-remich-verwehrt\/#respond"]}]},{"@type":"WebPage","@id":"https:\/\/equitas.site\/de\/drei-frauen-in-bedeckenden-badeanzuegen-wurde-der-zutritt-zu-einem-schwimmbad-in-remich-verwehrt\/","url":"https:\/\/equitas.site\/de\/drei-frauen-in-bedeckenden-badeanzuegen-wurde-der-zutritt-zu-einem-schwimmbad-in-remich-verwehrt\/","name":"Drei Frauen in bedeckenden Badeanz\u00fcgen wurde der Zutritt zu einem Schwimmbad in Remich verwehrt. - Equitas","isPartOf":{"@id":"https:\/\/equitas.site\/#website"},"primaryImageOfPage":{"@id":"https:\/\/equitas.site\/de\/drei-frauen-in-bedeckenden-badeanzuegen-wurde-der-zutritt-zu-einem-schwimmbad-in-remich-verwehrt\/#primaryimage"},"image":{"@id":"https:\/\/equitas.site\/de\/drei-frauen-in-bedeckenden-badeanzuegen-wurde-der-zutritt-zu-einem-schwimmbad-in-remich-verwehrt\/#primaryimage"},"thumbnailUrl":"https:\/\/equitas.site\/wp-content\/uploads\/2024\/08\/Luxembourg-burkini.png","datePublished":"2024-08-28T11:08:34+00:00","dateModified":"2024-09-15T19:51:42+00:00","breadcrumb":{"@id":"https:\/\/equitas.site\/de\/drei-frauen-in-bedeckenden-badeanzuegen-wurde-der-zutritt-zu-einem-schwimmbad-in-remich-verwehrt\/#breadcrumb"},"inLanguage":"de","potentialAction":[{"@type":"ReadAction","target":["https:\/\/equitas.site\/de\/drei-frauen-in-bedeckenden-badeanzuegen-wurde-der-zutritt-zu-einem-schwimmbad-in-remich-verwehrt\/"]}]},{"@type":"ImageObject","inLanguage":"de","@id":"https:\/\/equitas.site\/de\/drei-frauen-in-bedeckenden-badeanzuegen-wurde-der-zutritt-zu-einem-schwimmbad-in-remich-verwehrt\/#primaryimage","url":"https:\/\/equitas.site\/wp-content\/uploads\/2024\/08\/Luxembourg-burkini.png","contentUrl":"https:\/\/equitas.site\/wp-content\/uploads\/2024\/08\/Luxembourg-burkini.png","width":1280,"height":720},{"@type":"BreadcrumbList","@id":"https:\/\/equitas.site\/de\/drei-frauen-in-bedeckenden-badeanzuegen-wurde-der-zutritt-zu-einem-schwimmbad-in-remich-verwehrt\/#breadcrumb","itemListElement":[{"@type":"ListItem","position":1,"name":"Accueil","item":"https:\/\/equitas.site\/da\/"},{"@type":"ListItem","position":2,"name":"Drei Frauen in bedeckenden Badeanz\u00fcgen wurde der Zutritt zu einem Schwimmbad in Remich verwehrt."}]},{"@type":"WebSite","@id":"https:\/\/equitas.site\/#website","url":"https:\/\/equitas.site\/","name":"Equitas","description":"Your shield against hate.","publisher":{"@id":"https:\/\/equitas.site\/#organization"},"potentialAction":[{"@type":"SearchAction","target":{"@type":"EntryPoint","urlTemplate":"https:\/\/equitas.site\/?s={search_term_string}"},"query-input":{"@type":"PropertyValueSpecification","valueRequired":true,"valueName":"search_term_string"}}],"inLanguage":"de"},{"@type":"Organization","@id":"https:\/\/equitas.site\/#organization","name":"Equitas","url":"https:\/\/equitas.site\/","logo":{"@type":"ImageObject","inLanguage":"de","@id":"https:\/\/equitas.site\/#\/schema\/logo\/image\/","url":"https:\/\/equitas.site\/wp-content\/uploads\/2024\/03\/Groupe-2.png","contentUrl":"https:\/\/equitas.site\/wp-content\/uploads\/2024\/03\/Groupe-2.png","width":188,"height":44,"caption":"Equitas"},"image":{"@id":"https:\/\/equitas.site\/#\/schema\/logo\/image\/"}},{"@type":"Person","@id":"https:\/\/equitas.site\/#\/schema\/person\/dd7e17205703348c59742d137575de32","name":"Equitas","image":{"@type":"ImageObject","inLanguage":"de","@id":"https:\/\/equitas.site\/#\/schema\/person\/image\/","url":"https:\/\/secure.gravatar.com\/avatar\/?s=96&d=mm&r=g","contentUrl":"https:\/\/secure.gravatar.com\/avatar\/?s=96&d=mm&r=g","caption":"Equitas"},"url":"https:\/\/equitas.site\/de\/author\/equitas\/"}]}},"_links":{"self":[{"href":"https:\/\/equitas.site\/de\/wp-json\/wp\/v2\/posts\/4226","targetHints":{"allow":["GET"]}}],"collection":[{"href":"https:\/\/equitas.site\/de\/wp-json\/wp\/v2\/posts"}],"about":[{"href":"https:\/\/equitas.site\/de\/wp-json\/wp\/v2\/types\/post"}],"author":[{"embeddable":true,"href":"https:\/\/equitas.site\/de\/wp-json\/wp\/v2\/users\/2"}],"replies":[{"embeddable":true,"href":"https:\/\/equitas.site\/de\/wp-json\/wp\/v2\/comments?post=4226"}],"version-history":[{"count":1,"href":"https:\/\/equitas.site\/de\/wp-json\/wp\/v2\/posts\/4226\/revisions"}],"predecessor-version":[{"id":4229,"href":"https:\/\/equitas.site\/de\/wp-json\/wp\/v2\/posts\/4226\/revisions\/4229"}],"wp:featuredmedia":[{"embeddable":true,"href":"https:\/\/equitas.site\/de\/wp-json\/wp\/v2\/media\/4228"}],"wp:attachment":[{"href":"https:\/\/equitas.site\/de\/wp-json\/wp\/v2\/media?parent=4226"}],"wp:term":[{"taxonomy":"category","embeddable":true,"href":"https:\/\/equitas.site\/de\/wp-json\/wp\/v2\/categories?post=4226"},{"taxonomy":"post_tag","embeddable":true,"href":"https:\/\/equitas.site\/de\/wp-json\/wp\/v2\/tags?post=4226"}],"curies":[{"name":"wp","href":"https:\/\/api.w.org\/{rel}","templated":true}]}}