{"id":4227,"date":"2024-08-28T11:36:46","date_gmt":"2024-08-28T11:36:46","guid":{"rendered":"https:\/\/equitas.site\/spanische-buergermeisterin-wegen-beleidigung-von-muslimen-zu-einer-geldstrafe-von-10-000-e-verurteilt\/"},"modified":"2024-09-15T19:51:42","modified_gmt":"2024-09-15T19:51:42","slug":"spanische-buergermeisterin-wegen-beleidigung-von-muslimen-zu-einer-geldstrafe-von-10-000-e-verurteilt","status":"publish","type":"post","link":"https:\/\/equitas.site\/de\/spanische-buergermeisterin-wegen-beleidigung-von-muslimen-zu-einer-geldstrafe-von-10-000-e-verurteilt\/","title":{"rendered":"Spanische B\u00fcrgermeisterin wegen Beleidigung von Muslimen zu einer Geldstrafe von 10.000 \u20ac verurteilt"},"content":{"rendered":"\n<p>Silvia Orriols, B\u00fcrgermeisterin von Ripoll in Katalonien (Nordostspanien) und Mitglied der rechtsextremen nationalistischen Partei &#8222;Alianca Catalana&#8220; im lokalen Parlament von Katalonien, erhielt eine Geldstrafe von 10.000 EUR, weil sie in einer Erkl\u00e4rung im Fernsehsender &#8222;8TV&#8220; Muslime beleidigt hatte.\nSie behauptete, dass die in der Region lebenden Muslime eine &#8222;Bedrohung f\u00fcr die katalanische Identit\u00e4t&#8220; darstellten. <\/p>\n\n<p>Die Geldstrafe wurde von der katalanischen Autonomieregierung in \u00dcbereinstimmung mit einem Gesetz zur Bek\u00e4mpfung von Islamophobie und Fremdenfeindlichkeit in der Region verh\u00e4ngt.\nDie Strafe ist ein starkes Symbol gegen die Normalisierung islamfeindlicher \u00c4u\u00dferungen durch die politische Klasse. <\/p>\n","protected":false},"excerpt":{"rendered":"<p>Silvia Orriols, B\u00fcrgermeisterin von Ripoll in Katalonien (Nordostspanien) und Mitglied der rechtsextremen nationalistischen Partei &#8222;Alianca Catalana&#8220; im lokalen Parlament von Katalonien, erhielt eine Geldstrafe von 10.000 EUR, weil sie in einer Erkl\u00e4rung im Fernsehsender &#8222;8TV&#8220; Muslime beleidigt hatte. Sie behauptete, dass die in der Region lebenden Muslime eine &#8222;Bedrohung f\u00fcr die katalanische Identit\u00e4t&#8220; darstellten. Die [&hellip;]<\/p>\n","protected":false},"author":2,"featured_media":4230,"comment_status":"open","ping_status":"open","sticky":false,"template":"","format":"standard","meta":{"footnotes":""},"categories":[223,266],"tags":[269,268,267],"class_list":["post-4227","post","type-post","status-publish","format-standard","has-post-thumbnail","hentry","category-nachrichten","category-spanien-de","tag-beleidigungen","tag-geldbuse","tag-spanien-de"],"yoast_head":"<!-- This site is optimized with the Yoast SEO plugin v27.1.1 - https:\/\/yoast.com\/product\/yoast-seo-wordpress\/ -->\n<title>Spanische B\u00fcrgermeisterin wegen Beleidigung von Muslimen zu einer Geldstrafe von 10.000 \u20ac verurteilt - Equitas<\/title>\n<meta name=\"robots\" content=\"index, follow, max-snippet:-1, max-image-preview:large, max-video-preview:-1\" \/>\n<link rel=\"canonical\" href=\"https:\/\/equitas.site\/de\/spanische-buergermeisterin-wegen-beleidigung-von-muslimen-zu-einer-geldstrafe-von-10-000-e-verurteilt\/\" \/>\n<meta property=\"og:locale\" content=\"de_DE\" \/>\n<meta property=\"og:type\" content=\"article\" \/>\n<meta property=\"og:title\" content=\"Spanische B\u00fcrgermeisterin wegen Beleidigung von Muslimen zu einer Geldstrafe von 10.000 \u20ac verurteilt - Equitas\" \/>\n<meta property=\"og:description\" content=\"Silvia Orriols, B\u00fcrgermeisterin von Ripoll in Katalonien (Nordostspanien) und Mitglied der rechtsextremen nationalistischen Partei &#8222;Alianca Catalana&#8220; im lokalen Parlament von Katalonien, erhielt eine Geldstrafe von 10.000 EUR, weil sie in einer Erkl\u00e4rung im Fernsehsender &#8222;8TV&#8220; Muslime beleidigt hatte. Sie behauptete, dass die in der Region lebenden Muslime eine &#8222;Bedrohung f\u00fcr die katalanische Identit\u00e4t&#8220; darstellten. Die [&hellip;]\" \/>\n<meta property=\"og:url\" content=\"https:\/\/equitas.site\/de\/spanische-buergermeisterin-wegen-beleidigung-von-muslimen-zu-einer-geldstrafe-von-10-000-e-verurteilt\/\" \/>\n<meta property=\"og:site_name\" content=\"Equitas\" \/>\n<meta property=\"article:published_time\" content=\"2024-08-28T11:36:46+00:00\" \/>\n<meta property=\"article:modified_time\" content=\"2024-09-15T19:51:42+00:00\" \/>\n<meta property=\"og:image\" content=\"https:\/\/equitas.site\/wp-content\/uploads\/2024\/08\/Espagne-Une-mairesse-espagnole-condamnee-a-une-amende-de-10-000-E-pour-avoir-insulte-les-musulmanes.png\" \/>\n\t<meta property=\"og:image:width\" content=\"1280\" \/>\n\t<meta property=\"og:image:height\" content=\"720\" \/>\n\t<meta property=\"og:image:type\" content=\"image\/png\" \/>\n<meta name=\"author\" content=\"Equitas\" \/>\n<meta name=\"twitter:card\" content=\"summary_large_image\" \/>\n<meta name=\"twitter:label1\" content=\"Verfasst von\" \/>\n\t<meta name=\"twitter:data1\" content=\"Equitas\" \/>\n<script type=\"application\/ld+json\" class=\"yoast-schema-graph\">{\"@context\":\"https:\/\/schema.org\",\"@graph\":[{\"@type\":\"Article\",\"@id\":\"https:\/\/equitas.site\/de\/spanische-buergermeisterin-wegen-beleidigung-von-muslimen-zu-einer-geldstrafe-von-10-000-e-verurteilt\/#article\",\"isPartOf\":{\"@id\":\"https:\/\/equitas.site\/de\/spanische-buergermeisterin-wegen-beleidigung-von-muslimen-zu-einer-geldstrafe-von-10-000-e-verurteilt\/\"},\"author\":{\"name\":\"Equitas\",\"@id\":\"https:\/\/equitas.site\/#\/schema\/person\/dd7e17205703348c59742d137575de32\"},\"headline\":\"Spanische B\u00fcrgermeisterin wegen Beleidigung von Muslimen zu einer Geldstrafe von 10.000 \u20ac verurteilt\",\"datePublished\":\"2024-08-28T11:36:46+00:00\",\"dateModified\":\"2024-09-15T19:51:42+00:00\",\"mainEntityOfPage\":{\"@id\":\"https:\/\/equitas.site\/de\/spanische-buergermeisterin-wegen-beleidigung-von-muslimen-zu-einer-geldstrafe-von-10-000-e-verurteilt\/\"},\"wordCount\":109,\"commentCount\":0,\"publisher\":{\"@id\":\"https:\/\/equitas.site\/#organization\"},\"image\":{\"@id\":\"https:\/\/equitas.site\/de\/spanische-buergermeisterin-wegen-beleidigung-von-muslimen-zu-einer-geldstrafe-von-10-000-e-verurteilt\/#primaryimage\"},\"thumbnailUrl\":\"https:\/\/equitas.site\/wp-content\/uploads\/2024\/08\/Espagne-Une-mairesse-espagnole-condamnee-a-une-amende-de-10-000-E-pour-avoir-insulte-les-musulmanes.png\",\"keywords\":[\"Beleidigungen\",\"Geldbu\u00dfe\",\"Spanien\"],\"articleSection\":[\"Nachrichten\",\"Spanien\"],\"inLanguage\":\"de\",\"potentialAction\":[{\"@type\":\"CommentAction\",\"name\":\"Comment\",\"target\":[\"https:\/\/equitas.site\/de\/spanische-buergermeisterin-wegen-beleidigung-von-muslimen-zu-einer-geldstrafe-von-10-000-e-verurteilt\/#respond\"]}]},{\"@type\":\"WebPage\",\"@id\":\"https:\/\/equitas.site\/de\/spanische-buergermeisterin-wegen-beleidigung-von-muslimen-zu-einer-geldstrafe-von-10-000-e-verurteilt\/\",\"url\":\"https:\/\/equitas.site\/de\/spanische-buergermeisterin-wegen-beleidigung-von-muslimen-zu-einer-geldstrafe-von-10-000-e-verurteilt\/\",\"name\":\"Spanische B\u00fcrgermeisterin wegen Beleidigung von Muslimen zu einer Geldstrafe von 10.000 \u20ac verurteilt - Equitas\",\"isPartOf\":{\"@id\":\"https:\/\/equitas.site\/#website\"},\"primaryImageOfPage\":{\"@id\":\"https:\/\/equitas.site\/de\/spanische-buergermeisterin-wegen-beleidigung-von-muslimen-zu-einer-geldstrafe-von-10-000-e-verurteilt\/#primaryimage\"},\"image\":{\"@id\":\"https:\/\/equitas.site\/de\/spanische-buergermeisterin-wegen-beleidigung-von-muslimen-zu-einer-geldstrafe-von-10-000-e-verurteilt\/#primaryimage\"},\"thumbnailUrl\":\"https:\/\/equitas.site\/wp-content\/uploads\/2024\/08\/Espagne-Une-mairesse-espagnole-condamnee-a-une-amende-de-10-000-E-pour-avoir-insulte-les-musulmanes.png\",\"datePublished\":\"2024-08-28T11:36:46+00:00\",\"dateModified\":\"2024-09-15T19:51:42+00:00\",\"breadcrumb\":{\"@id\":\"https:\/\/equitas.site\/de\/spanische-buergermeisterin-wegen-beleidigung-von-muslimen-zu-einer-geldstrafe-von-10-000-e-verurteilt\/#breadcrumb\"},\"inLanguage\":\"de\",\"potentialAction\":[{\"@type\":\"ReadAction\",\"target\":[\"https:\/\/equitas.site\/de\/spanische-buergermeisterin-wegen-beleidigung-von-muslimen-zu-einer-geldstrafe-von-10-000-e-verurteilt\/\"]}]},{\"@type\":\"ImageObject\",\"inLanguage\":\"de\",\"@id\":\"https:\/\/equitas.site\/de\/spanische-buergermeisterin-wegen-beleidigung-von-muslimen-zu-einer-geldstrafe-von-10-000-e-verurteilt\/#primaryimage\",\"url\":\"https:\/\/equitas.site\/wp-content\/uploads\/2024\/08\/Espagne-Une-mairesse-espagnole-condamnee-a-une-amende-de-10-000-E-pour-avoir-insulte-les-musulmanes.png\",\"contentUrl\":\"https:\/\/equitas.site\/wp-content\/uploads\/2024\/08\/Espagne-Une-mairesse-espagnole-condamnee-a-une-amende-de-10-000-E-pour-avoir-insulte-les-musulmanes.png\",\"width\":1280,\"height\":720},{\"@type\":\"BreadcrumbList\",\"@id\":\"https:\/\/equitas.site\/de\/spanische-buergermeisterin-wegen-beleidigung-von-muslimen-zu-einer-geldstrafe-von-10-000-e-verurteilt\/#breadcrumb\",\"itemListElement\":[{\"@type\":\"ListItem\",\"position\":1,\"name\":\"Accueil\",\"item\":\"https:\/\/equitas.site\/da\/\"},{\"@type\":\"ListItem\",\"position\":2,\"name\":\"Spanische B\u00fcrgermeisterin wegen Beleidigung von Muslimen zu einer Geldstrafe von 10.000 \u20ac verurteilt\"}]},{\"@type\":\"WebSite\",\"@id\":\"https:\/\/equitas.site\/#website\",\"url\":\"https:\/\/equitas.site\/\",\"name\":\"Equitas\",\"description\":\"Your shield against hate.\",\"publisher\":{\"@id\":\"https:\/\/equitas.site\/#organization\"},\"potentialAction\":[{\"@type\":\"SearchAction\",\"target\":{\"@type\":\"EntryPoint\",\"urlTemplate\":\"https:\/\/equitas.site\/?s={search_term_string}\"},\"query-input\":{\"@type\":\"PropertyValueSpecification\",\"valueRequired\":true,\"valueName\":\"search_term_string\"}}],\"inLanguage\":\"de\"},{\"@type\":\"Organization\",\"@id\":\"https:\/\/equitas.site\/#organization\",\"name\":\"Equitas\",\"url\":\"https:\/\/equitas.site\/\",\"logo\":{\"@type\":\"ImageObject\",\"inLanguage\":\"de\",\"@id\":\"https:\/\/equitas.site\/#\/schema\/logo\/image\/\",\"url\":\"https:\/\/equitas.site\/wp-content\/uploads\/2024\/03\/Groupe-2.png\",\"contentUrl\":\"https:\/\/equitas.site\/wp-content\/uploads\/2024\/03\/Groupe-2.png\",\"width\":188,\"height\":44,\"caption\":\"Equitas\"},\"image\":{\"@id\":\"https:\/\/equitas.site\/#\/schema\/logo\/image\/\"}},{\"@type\":\"Person\",\"@id\":\"https:\/\/equitas.site\/#\/schema\/person\/dd7e17205703348c59742d137575de32\",\"name\":\"Equitas\",\"image\":{\"@type\":\"ImageObject\",\"inLanguage\":\"de\",\"@id\":\"https:\/\/equitas.site\/#\/schema\/person\/image\/\",\"url\":\"https:\/\/secure.gravatar.com\/avatar\/?s=96&d=mm&r=g\",\"contentUrl\":\"https:\/\/secure.gravatar.com\/avatar\/?s=96&d=mm&r=g\",\"caption\":\"Equitas\"},\"url\":\"https:\/\/equitas.site\/de\/author\/equitas\/\"}]}<\/script>\n<!-- \/ Yoast SEO plugin. -->","yoast_head_json":{"title":"Spanische B\u00fcrgermeisterin wegen Beleidigung von Muslimen zu einer Geldstrafe von 10.000 \u20ac verurteilt - Equitas","robots":{"index":"index","follow":"follow","max-snippet":"max-snippet:-1","max-image-preview":"max-image-preview:large","max-video-preview":"max-video-preview:-1"},"canonical":"https:\/\/equitas.site\/de\/spanische-buergermeisterin-wegen-beleidigung-von-muslimen-zu-einer-geldstrafe-von-10-000-e-verurteilt\/","og_locale":"de_DE","og_type":"article","og_title":"Spanische B\u00fcrgermeisterin wegen Beleidigung von Muslimen zu einer Geldstrafe von 10.000 \u20ac verurteilt - Equitas","og_description":"Silvia Orriols, B\u00fcrgermeisterin von Ripoll in Katalonien (Nordostspanien) und Mitglied der rechtsextremen nationalistischen Partei &#8222;Alianca Catalana&#8220; im lokalen Parlament von Katalonien, erhielt eine Geldstrafe von 10.000 EUR, weil sie in einer Erkl\u00e4rung im Fernsehsender &#8222;8TV&#8220; Muslime beleidigt hatte. Sie behauptete, dass die in der Region lebenden Muslime eine &#8222;Bedrohung f\u00fcr die katalanische Identit\u00e4t&#8220; darstellten. Die [&hellip;]","og_url":"https:\/\/equitas.site\/de\/spanische-buergermeisterin-wegen-beleidigung-von-muslimen-zu-einer-geldstrafe-von-10-000-e-verurteilt\/","og_site_name":"Equitas","article_published_time":"2024-08-28T11:36:46+00:00","article_modified_time":"2024-09-15T19:51:42+00:00","og_image":[{"width":1280,"height":720,"url":"https:\/\/equitas.site\/wp-content\/uploads\/2024\/08\/Espagne-Une-mairesse-espagnole-condamnee-a-une-amende-de-10-000-E-pour-avoir-insulte-les-musulmanes.png","type":"image\/png"}],"author":"Equitas","twitter_card":"summary_large_image","twitter_misc":{"Verfasst von":"Equitas"},"schema":{"@context":"https:\/\/schema.org","@graph":[{"@type":"Article","@id":"https:\/\/equitas.site\/de\/spanische-buergermeisterin-wegen-beleidigung-von-muslimen-zu-einer-geldstrafe-von-10-000-e-verurteilt\/#article","isPartOf":{"@id":"https:\/\/equitas.site\/de\/spanische-buergermeisterin-wegen-beleidigung-von-muslimen-zu-einer-geldstrafe-von-10-000-e-verurteilt\/"},"author":{"name":"Equitas","@id":"https:\/\/equitas.site\/#\/schema\/person\/dd7e17205703348c59742d137575de32"},"headline":"Spanische B\u00fcrgermeisterin wegen Beleidigung von Muslimen zu einer Geldstrafe von 10.000 \u20ac verurteilt","datePublished":"2024-08-28T11:36:46+00:00","dateModified":"2024-09-15T19:51:42+00:00","mainEntityOfPage":{"@id":"https:\/\/equitas.site\/de\/spanische-buergermeisterin-wegen-beleidigung-von-muslimen-zu-einer-geldstrafe-von-10-000-e-verurteilt\/"},"wordCount":109,"commentCount":0,"publisher":{"@id":"https:\/\/equitas.site\/#organization"},"image":{"@id":"https:\/\/equitas.site\/de\/spanische-buergermeisterin-wegen-beleidigung-von-muslimen-zu-einer-geldstrafe-von-10-000-e-verurteilt\/#primaryimage"},"thumbnailUrl":"https:\/\/equitas.site\/wp-content\/uploads\/2024\/08\/Espagne-Une-mairesse-espagnole-condamnee-a-une-amende-de-10-000-E-pour-avoir-insulte-les-musulmanes.png","keywords":["Beleidigungen","Geldbu\u00dfe","Spanien"],"articleSection":["Nachrichten","Spanien"],"inLanguage":"de","potentialAction":[{"@type":"CommentAction","name":"Comment","target":["https:\/\/equitas.site\/de\/spanische-buergermeisterin-wegen-beleidigung-von-muslimen-zu-einer-geldstrafe-von-10-000-e-verurteilt\/#respond"]}]},{"@type":"WebPage","@id":"https:\/\/equitas.site\/de\/spanische-buergermeisterin-wegen-beleidigung-von-muslimen-zu-einer-geldstrafe-von-10-000-e-verurteilt\/","url":"https:\/\/equitas.site\/de\/spanische-buergermeisterin-wegen-beleidigung-von-muslimen-zu-einer-geldstrafe-von-10-000-e-verurteilt\/","name":"Spanische B\u00fcrgermeisterin wegen Beleidigung von Muslimen zu einer Geldstrafe von 10.000 \u20ac verurteilt - Equitas","isPartOf":{"@id":"https:\/\/equitas.site\/#website"},"primaryImageOfPage":{"@id":"https:\/\/equitas.site\/de\/spanische-buergermeisterin-wegen-beleidigung-von-muslimen-zu-einer-geldstrafe-von-10-000-e-verurteilt\/#primaryimage"},"image":{"@id":"https:\/\/equitas.site\/de\/spanische-buergermeisterin-wegen-beleidigung-von-muslimen-zu-einer-geldstrafe-von-10-000-e-verurteilt\/#primaryimage"},"thumbnailUrl":"https:\/\/equitas.site\/wp-content\/uploads\/2024\/08\/Espagne-Une-mairesse-espagnole-condamnee-a-une-amende-de-10-000-E-pour-avoir-insulte-les-musulmanes.png","datePublished":"2024-08-28T11:36:46+00:00","dateModified":"2024-09-15T19:51:42+00:00","breadcrumb":{"@id":"https:\/\/equitas.site\/de\/spanische-buergermeisterin-wegen-beleidigung-von-muslimen-zu-einer-geldstrafe-von-10-000-e-verurteilt\/#breadcrumb"},"inLanguage":"de","potentialAction":[{"@type":"ReadAction","target":["https:\/\/equitas.site\/de\/spanische-buergermeisterin-wegen-beleidigung-von-muslimen-zu-einer-geldstrafe-von-10-000-e-verurteilt\/"]}]},{"@type":"ImageObject","inLanguage":"de","@id":"https:\/\/equitas.site\/de\/spanische-buergermeisterin-wegen-beleidigung-von-muslimen-zu-einer-geldstrafe-von-10-000-e-verurteilt\/#primaryimage","url":"https:\/\/equitas.site\/wp-content\/uploads\/2024\/08\/Espagne-Une-mairesse-espagnole-condamnee-a-une-amende-de-10-000-E-pour-avoir-insulte-les-musulmanes.png","contentUrl":"https:\/\/equitas.site\/wp-content\/uploads\/2024\/08\/Espagne-Une-mairesse-espagnole-condamnee-a-une-amende-de-10-000-E-pour-avoir-insulte-les-musulmanes.png","width":1280,"height":720},{"@type":"BreadcrumbList","@id":"https:\/\/equitas.site\/de\/spanische-buergermeisterin-wegen-beleidigung-von-muslimen-zu-einer-geldstrafe-von-10-000-e-verurteilt\/#breadcrumb","itemListElement":[{"@type":"ListItem","position":1,"name":"Accueil","item":"https:\/\/equitas.site\/da\/"},{"@type":"ListItem","position":2,"name":"Spanische B\u00fcrgermeisterin wegen Beleidigung von Muslimen zu einer Geldstrafe von 10.000 \u20ac verurteilt"}]},{"@type":"WebSite","@id":"https:\/\/equitas.site\/#website","url":"https:\/\/equitas.site\/","name":"Equitas","description":"Your shield against hate.","publisher":{"@id":"https:\/\/equitas.site\/#organization"},"potentialAction":[{"@type":"SearchAction","target":{"@type":"EntryPoint","urlTemplate":"https:\/\/equitas.site\/?s={search_term_string}"},"query-input":{"@type":"PropertyValueSpecification","valueRequired":true,"valueName":"search_term_string"}}],"inLanguage":"de"},{"@type":"Organization","@id":"https:\/\/equitas.site\/#organization","name":"Equitas","url":"https:\/\/equitas.site\/","logo":{"@type":"ImageObject","inLanguage":"de","@id":"https:\/\/equitas.site\/#\/schema\/logo\/image\/","url":"https:\/\/equitas.site\/wp-content\/uploads\/2024\/03\/Groupe-2.png","contentUrl":"https:\/\/equitas.site\/wp-content\/uploads\/2024\/03\/Groupe-2.png","width":188,"height":44,"caption":"Equitas"},"image":{"@id":"https:\/\/equitas.site\/#\/schema\/logo\/image\/"}},{"@type":"Person","@id":"https:\/\/equitas.site\/#\/schema\/person\/dd7e17205703348c59742d137575de32","name":"Equitas","image":{"@type":"ImageObject","inLanguage":"de","@id":"https:\/\/equitas.site\/#\/schema\/person\/image\/","url":"https:\/\/secure.gravatar.com\/avatar\/?s=96&d=mm&r=g","contentUrl":"https:\/\/secure.gravatar.com\/avatar\/?s=96&d=mm&r=g","caption":"Equitas"},"url":"https:\/\/equitas.site\/de\/author\/equitas\/"}]}},"_links":{"self":[{"href":"https:\/\/equitas.site\/de\/wp-json\/wp\/v2\/posts\/4227","targetHints":{"allow":["GET"]}}],"collection":[{"href":"https:\/\/equitas.site\/de\/wp-json\/wp\/v2\/posts"}],"about":[{"href":"https:\/\/equitas.site\/de\/wp-json\/wp\/v2\/types\/post"}],"author":[{"embeddable":true,"href":"https:\/\/equitas.site\/de\/wp-json\/wp\/v2\/users\/2"}],"replies":[{"embeddable":true,"href":"https:\/\/equitas.site\/de\/wp-json\/wp\/v2\/comments?post=4227"}],"version-history":[{"count":1,"href":"https:\/\/equitas.site\/de\/wp-json\/wp\/v2\/posts\/4227\/revisions"}],"predecessor-version":[{"id":4231,"href":"https:\/\/equitas.site\/de\/wp-json\/wp\/v2\/posts\/4227\/revisions\/4231"}],"wp:featuredmedia":[{"embeddable":true,"href":"https:\/\/equitas.site\/de\/wp-json\/wp\/v2\/media\/4230"}],"wp:attachment":[{"href":"https:\/\/equitas.site\/de\/wp-json\/wp\/v2\/media?parent=4227"}],"wp:term":[{"taxonomy":"category","embeddable":true,"href":"https:\/\/equitas.site\/de\/wp-json\/wp\/v2\/categories?post=4227"},{"taxonomy":"post_tag","embeddable":true,"href":"https:\/\/equitas.site\/de\/wp-json\/wp\/v2\/tags?post=4227"}],"curies":[{"name":"wp","href":"https:\/\/api.w.org\/{rel}","templated":true}]}}