{"id":4180,"date":"2024-08-28T07:46:35","date_gmt":"2024-08-28T07:46:35","guid":{"rendered":"https:\/\/equitas.site\/un-incendio-cerca-de-una-sinagoga-revela-el-doble-rasero-del-gobierno-frances\/"},"modified":"2024-09-15T19:51:36","modified_gmt":"2024-09-15T19:51:36","slug":"un-incendio-cerca-de-una-sinagoga-revela-el-doble-rasero-del-gobierno-frances","status":"publish","type":"post","link":"https:\/\/equitas.site\/es\/un-incendio-cerca-de-una-sinagoga-revela-el-doble-rasero-del-gobierno-frances\/","title":{"rendered":"Un incendio cerca de una sinagoga revela el doble rasero del gobierno franc\u00e9s"},"content":{"rendered":"\n<p>En la noche del 24 de agosto de 2024, un individuo prendi\u00f3 fuego a varios veh\u00edculos cerca de la sinagoga de La-Grande-Motte, en el suroeste de Francia (34).<\/p>\n\n<p>En respuesta, Gabriel Attal y G\u00e9rald Darmanin, Primer Ministro y Ministro del Interior respectivamente, acudieron al lugar y movilizaron a doscientos polic\u00edas y gendarmes.<\/p>\n\n<p>En 2024, el Colectivo contra la Islamofobia en Europa (CCIE) contabiliz\u00f3 una docena de atentados similares contra mezquitas, pero los miembros del gobierno no se inmutaron lo m\u00e1s m\u00ednimo.\nComo mucho, un tuit de G. Darmanin condenando los ataques.\nPor ejemplo, el 13 de enero de 2024, un hombre prendi\u00f3 fuego a la mezquita de Morlaix durante la oraci\u00f3n de la ma\u00f1ana, mientras los fieles estaban dentro.<sup data-fn=\"\" class=\"fn\"><a href=\"\" id=\"ab7e7bec-77f0-4978-a025-5257763b040a-link\">1<\/a><\/sup>.  <\/p>\n\n<p>En las redes sociales, la CCIE denuncia la diferencia de trato en la protecci\u00f3n de los lugares de culto en Francia y pide al gobierno que proteja todos los edificios religiosos, sin distinci\u00f3n.<sup data-fn=\"6fd1d40a-77d5-44bc-924a-269f2881c1b8\" class=\"fn\"><a href=\"#6fd1d40a-77d5-44bc-924a-269f2881c1b8\" id=\"6fd1d40a-77d5-44bc-924a-269f2881c1b8-link\">2<\/a><\/sup>.<\/p>\n<ol class=\"wp-block-footnotes\"><li id=\"ab7e7bec-77f0-4978-a025-5257763b040a\">Intento de atentado incendiario contra la mezquita de Morlaix.\nUn sospechoso detenido.   <a href=\"https:\/\/france3-regions.francetvinfo.fr\/bretagne\/finistere\/morlaix\/tentative-d-incendie-de-la-mosquee-de-morlaix-un-suspect-place-en-garde-a-vue-2909171.html\">https:\/\/france3-regions.francetvinfo.fr\/bretagne\/finistere\/morlaix\/tentative-d-incendie-de-la-mosquee-de-morlaix-un-suspect-place-en-garde-a-vue-2909171.html<\/a> <a href=\"#ab7e7bec-77f0-4978-a025-5257763b040a-link\" aria-label=\"Saltar a la referencia de la nota 1\">\u21a9\ufe0e<\/a><\/li><li id=\"6fd1d40a-77d5-44bc-924a-269f2881c1b8\"><a href=\"https:\/\/x.com\/CCIEurope\/status\/1828371594932027769\">https:\/\/x.com\/CCIEurope\/status\/1828371594932027769<\/a> <a href=\"#6fd1d40a-77d5-44bc-924a-269f2881c1b8-link\" aria-label=\"Saltar a la referencia de la nota 2\">\u21a9\ufe0e<\/a><\/li><\/ol>\n<p><\/p>\n","protected":false},"excerpt":{"rendered":"<p>En la noche del 24 de agosto de 2024, un individuo prendi\u00f3 fuego a varios veh\u00edculos cerca de la sinagoga de La-Grande-Motte, en el suroeste de Francia (34). En respuesta, Gabriel Attal y G\u00e9rald Darmanin, Primer Ministro y Ministro del Interior respectivamente, acudieron al lugar y movilizaron a doscientos polic\u00edas y gendarmes. En 2024, el [&hellip;]<\/p>\n","protected":false},"author":2,"featured_media":4182,"comment_status":"open","ping_status":"open","sticky":false,"template":"","format":"standard","meta":{"footnotes":"[{\"content\":\"Intento de atentado incendiario contra la mezquita de Morlaix.\\nUn sospechoso detenido.   <a href=\\\"https:\\\/\\\/france3-regions.francetvinfo.fr\\\/bretagne\\\/finistere\\\/morlaix\\\/tentative-d-incendie-de-la-mosquee-de-morlaix-un-suspect-place-en-garde-a-vue-2909171.html\\\">https:\\\/\\\/france3-regions.francetvinfo.fr\\\/bretagne\\\/finistere\\\/morlaix\\\/tentative-d-incendie-de-la-mosquee-de-morlaix-un-suspect-place-en-garde-a-vue-2909171.html<\\\/a>\",\"id\":\"ab7e7bec-77f0-4978-a025-5257763b040a\"},{\"content\":\"<a href=\\\"https:\\\/\\\/x.com\\\/CCIEurope\\\/status\\\/1828371594932027769\\\">https:\\\/\\\/x.com\\\/CCIEurope\\\/status\\\/1828371594932027769<\\\/a>\",\"id\":\"6fd1d40a-77d5-44bc-924a-269f2881c1b8\"}]"},"categories":[214,213],"tags":[215,233],"class_list":["post-4180","post","type-post","status-publish","format-standard","has-post-thumbnail","hentry","category-francia","category-noticias","tag-francia","tag-sinagoga"],"yoast_head":"<!-- This site is optimized with the Yoast SEO plugin v27.1.1 - https:\/\/yoast.com\/product\/yoast-seo-wordpress\/ -->\n<title>Un incendio cerca de una sinagoga revela el doble rasero del gobierno franc\u00e9s - Equitas<\/title>\n<meta name=\"robots\" content=\"index, follow, max-snippet:-1, max-image-preview:large, max-video-preview:-1\" \/>\n<link rel=\"canonical\" href=\"https:\/\/equitas.site\/es\/un-incendio-cerca-de-una-sinagoga-revela-el-doble-rasero-del-gobierno-frances\/\" \/>\n<meta property=\"og:locale\" content=\"es_ES\" \/>\n<meta property=\"og:type\" content=\"article\" \/>\n<meta property=\"og:title\" content=\"Un incendio cerca de una sinagoga revela el doble rasero del gobierno franc\u00e9s - Equitas\" \/>\n<meta property=\"og:description\" content=\"En la noche del 24 de agosto de 2024, un individuo prendi\u00f3 fuego a varios veh\u00edculos cerca de la sinagoga de La-Grande-Motte, en el suroeste de Francia (34). En respuesta, Gabriel Attal y G\u00e9rald Darmanin, Primer Ministro y Ministro del Interior respectivamente, acudieron al lugar y movilizaron a doscientos polic\u00edas y gendarmes. En 2024, el [&hellip;]\" \/>\n<meta property=\"og:url\" content=\"https:\/\/equitas.site\/es\/un-incendio-cerca-de-una-sinagoga-revela-el-doble-rasero-del-gobierno-frances\/\" \/>\n<meta property=\"og:site_name\" content=\"Equitas\" \/>\n<meta property=\"article:published_time\" content=\"2024-08-28T07:46:35+00:00\" \/>\n<meta property=\"article:modified_time\" content=\"2024-09-15T19:51:36+00:00\" \/>\n<meta property=\"og:image\" content=\"https:\/\/equitas.site\/wp-content\/uploads\/2024\/08\/France-Un-incendie-pres-dune-synagogue-revele-le-deux-poids-deux-mesures-du-gouvernement-francais.png\" \/>\n\t<meta property=\"og:image:width\" content=\"1280\" \/>\n\t<meta property=\"og:image:height\" content=\"720\" \/>\n\t<meta property=\"og:image:type\" content=\"image\/png\" \/>\n<meta name=\"author\" content=\"Equitas\" \/>\n<meta name=\"twitter:card\" content=\"summary_large_image\" \/>\n<meta name=\"twitter:label1\" content=\"Escrito por\" \/>\n\t<meta name=\"twitter:data1\" content=\"Equitas\" \/>\n\t<meta name=\"twitter:label2\" content=\"Tiempo de lectura\" \/>\n\t<meta name=\"twitter:data2\" content=\"1 minuto\" \/>\n<script type=\"application\/ld+json\" class=\"yoast-schema-graph\">{\"@context\":\"https:\/\/schema.org\",\"@graph\":[{\"@type\":\"Article\",\"@id\":\"https:\/\/equitas.site\/es\/un-incendio-cerca-de-una-sinagoga-revela-el-doble-rasero-del-gobierno-frances\/#article\",\"isPartOf\":{\"@id\":\"https:\/\/equitas.site\/es\/un-incendio-cerca-de-una-sinagoga-revela-el-doble-rasero-del-gobierno-frances\/\"},\"author\":{\"name\":\"Equitas\",\"@id\":\"https:\/\/equitas.site\/#\/schema\/person\/dd7e17205703348c59742d137575de32\"},\"headline\":\"Un incendio cerca de una sinagoga revela el doble rasero del gobierno franc\u00e9s\",\"datePublished\":\"2024-08-28T07:46:35+00:00\",\"dateModified\":\"2024-09-15T19:51:36+00:00\",\"mainEntityOfPage\":{\"@id\":\"https:\/\/equitas.site\/es\/un-incendio-cerca-de-una-sinagoga-revela-el-doble-rasero-del-gobierno-frances\/\"},\"wordCount\":169,\"commentCount\":0,\"publisher\":{\"@id\":\"https:\/\/equitas.site\/#organization\"},\"image\":{\"@id\":\"https:\/\/equitas.site\/es\/un-incendio-cerca-de-una-sinagoga-revela-el-doble-rasero-del-gobierno-frances\/#primaryimage\"},\"thumbnailUrl\":\"https:\/\/equitas.site\/wp-content\/uploads\/2024\/08\/France-Un-incendie-pres-dune-synagogue-revele-le-deux-poids-deux-mesures-du-gouvernement-francais.png\",\"keywords\":[\"francia\",\"sinagoga\"],\"articleSection\":[\"Francia\",\"Noticias\"],\"inLanguage\":\"es\",\"potentialAction\":[{\"@type\":\"CommentAction\",\"name\":\"Comment\",\"target\":[\"https:\/\/equitas.site\/es\/un-incendio-cerca-de-una-sinagoga-revela-el-doble-rasero-del-gobierno-frances\/#respond\"]}]},{\"@type\":\"WebPage\",\"@id\":\"https:\/\/equitas.site\/es\/un-incendio-cerca-de-una-sinagoga-revela-el-doble-rasero-del-gobierno-frances\/\",\"url\":\"https:\/\/equitas.site\/es\/un-incendio-cerca-de-una-sinagoga-revela-el-doble-rasero-del-gobierno-frances\/\",\"name\":\"Un incendio cerca de una sinagoga revela el doble rasero del gobierno franc\u00e9s - Equitas\",\"isPartOf\":{\"@id\":\"https:\/\/equitas.site\/#website\"},\"primaryImageOfPage\":{\"@id\":\"https:\/\/equitas.site\/es\/un-incendio-cerca-de-una-sinagoga-revela-el-doble-rasero-del-gobierno-frances\/#primaryimage\"},\"image\":{\"@id\":\"https:\/\/equitas.site\/es\/un-incendio-cerca-de-una-sinagoga-revela-el-doble-rasero-del-gobierno-frances\/#primaryimage\"},\"thumbnailUrl\":\"https:\/\/equitas.site\/wp-content\/uploads\/2024\/08\/France-Un-incendie-pres-dune-synagogue-revele-le-deux-poids-deux-mesures-du-gouvernement-francais.png\",\"datePublished\":\"2024-08-28T07:46:35+00:00\",\"dateModified\":\"2024-09-15T19:51:36+00:00\",\"breadcrumb\":{\"@id\":\"https:\/\/equitas.site\/es\/un-incendio-cerca-de-una-sinagoga-revela-el-doble-rasero-del-gobierno-frances\/#breadcrumb\"},\"inLanguage\":\"es\",\"potentialAction\":[{\"@type\":\"ReadAction\",\"target\":[\"https:\/\/equitas.site\/es\/un-incendio-cerca-de-una-sinagoga-revela-el-doble-rasero-del-gobierno-frances\/\"]}]},{\"@type\":\"ImageObject\",\"inLanguage\":\"es\",\"@id\":\"https:\/\/equitas.site\/es\/un-incendio-cerca-de-una-sinagoga-revela-el-doble-rasero-del-gobierno-frances\/#primaryimage\",\"url\":\"https:\/\/equitas.site\/wp-content\/uploads\/2024\/08\/France-Un-incendie-pres-dune-synagogue-revele-le-deux-poids-deux-mesures-du-gouvernement-francais.png\",\"contentUrl\":\"https:\/\/equitas.site\/wp-content\/uploads\/2024\/08\/France-Un-incendie-pres-dune-synagogue-revele-le-deux-poids-deux-mesures-du-gouvernement-francais.png\",\"width\":1280,\"height\":720},{\"@type\":\"BreadcrumbList\",\"@id\":\"https:\/\/equitas.site\/es\/un-incendio-cerca-de-una-sinagoga-revela-el-doble-rasero-del-gobierno-frances\/#breadcrumb\",\"itemListElement\":[{\"@type\":\"ListItem\",\"position\":1,\"name\":\"Accueil\",\"item\":\"https:\/\/equitas.site\/da\/\"},{\"@type\":\"ListItem\",\"position\":2,\"name\":\"Un incendio cerca de una sinagoga revela el doble rasero del gobierno franc\u00e9s\"}]},{\"@type\":\"WebSite\",\"@id\":\"https:\/\/equitas.site\/#website\",\"url\":\"https:\/\/equitas.site\/\",\"name\":\"Equitas\",\"description\":\"Your shield against hate.\",\"publisher\":{\"@id\":\"https:\/\/equitas.site\/#organization\"},\"potentialAction\":[{\"@type\":\"SearchAction\",\"target\":{\"@type\":\"EntryPoint\",\"urlTemplate\":\"https:\/\/equitas.site\/?s={search_term_string}\"},\"query-input\":{\"@type\":\"PropertyValueSpecification\",\"valueRequired\":true,\"valueName\":\"search_term_string\"}}],\"inLanguage\":\"es\"},{\"@type\":\"Organization\",\"@id\":\"https:\/\/equitas.site\/#organization\",\"name\":\"Equitas\",\"url\":\"https:\/\/equitas.site\/\",\"logo\":{\"@type\":\"ImageObject\",\"inLanguage\":\"es\",\"@id\":\"https:\/\/equitas.site\/#\/schema\/logo\/image\/\",\"url\":\"https:\/\/equitas.site\/wp-content\/uploads\/2024\/03\/Groupe-2.png\",\"contentUrl\":\"https:\/\/equitas.site\/wp-content\/uploads\/2024\/03\/Groupe-2.png\",\"width\":188,\"height\":44,\"caption\":\"Equitas\"},\"image\":{\"@id\":\"https:\/\/equitas.site\/#\/schema\/logo\/image\/\"}},{\"@type\":\"Person\",\"@id\":\"https:\/\/equitas.site\/#\/schema\/person\/dd7e17205703348c59742d137575de32\",\"name\":\"Equitas\",\"image\":{\"@type\":\"ImageObject\",\"inLanguage\":\"es\",\"@id\":\"https:\/\/equitas.site\/#\/schema\/person\/image\/\",\"url\":\"https:\/\/secure.gravatar.com\/avatar\/?s=96&d=mm&r=g\",\"contentUrl\":\"https:\/\/secure.gravatar.com\/avatar\/?s=96&d=mm&r=g\",\"caption\":\"Equitas\"},\"url\":\"https:\/\/equitas.site\/es\/author\/equitas\/\"}]}<\/script>\n<!-- \/ Yoast SEO plugin. -->","yoast_head_json":{"title":"Un incendio cerca de una sinagoga revela el doble rasero del gobierno franc\u00e9s - Equitas","robots":{"index":"index","follow":"follow","max-snippet":"max-snippet:-1","max-image-preview":"max-image-preview:large","max-video-preview":"max-video-preview:-1"},"canonical":"https:\/\/equitas.site\/es\/un-incendio-cerca-de-una-sinagoga-revela-el-doble-rasero-del-gobierno-frances\/","og_locale":"es_ES","og_type":"article","og_title":"Un incendio cerca de una sinagoga revela el doble rasero del gobierno franc\u00e9s - Equitas","og_description":"En la noche del 24 de agosto de 2024, un individuo prendi\u00f3 fuego a varios veh\u00edculos cerca de la sinagoga de La-Grande-Motte, en el suroeste de Francia (34). En respuesta, Gabriel Attal y G\u00e9rald Darmanin, Primer Ministro y Ministro del Interior respectivamente, acudieron al lugar y movilizaron a doscientos polic\u00edas y gendarmes. En 2024, el [&hellip;]","og_url":"https:\/\/equitas.site\/es\/un-incendio-cerca-de-una-sinagoga-revela-el-doble-rasero-del-gobierno-frances\/","og_site_name":"Equitas","article_published_time":"2024-08-28T07:46:35+00:00","article_modified_time":"2024-09-15T19:51:36+00:00","og_image":[{"width":1280,"height":720,"url":"https:\/\/equitas.site\/wp-content\/uploads\/2024\/08\/France-Un-incendie-pres-dune-synagogue-revele-le-deux-poids-deux-mesures-du-gouvernement-francais.png","type":"image\/png"}],"author":"Equitas","twitter_card":"summary_large_image","twitter_misc":{"Escrito por":"Equitas","Tiempo de lectura":"1 minuto"},"schema":{"@context":"https:\/\/schema.org","@graph":[{"@type":"Article","@id":"https:\/\/equitas.site\/es\/un-incendio-cerca-de-una-sinagoga-revela-el-doble-rasero-del-gobierno-frances\/#article","isPartOf":{"@id":"https:\/\/equitas.site\/es\/un-incendio-cerca-de-una-sinagoga-revela-el-doble-rasero-del-gobierno-frances\/"},"author":{"name":"Equitas","@id":"https:\/\/equitas.site\/#\/schema\/person\/dd7e17205703348c59742d137575de32"},"headline":"Un incendio cerca de una sinagoga revela el doble rasero del gobierno franc\u00e9s","datePublished":"2024-08-28T07:46:35+00:00","dateModified":"2024-09-15T19:51:36+00:00","mainEntityOfPage":{"@id":"https:\/\/equitas.site\/es\/un-incendio-cerca-de-una-sinagoga-revela-el-doble-rasero-del-gobierno-frances\/"},"wordCount":169,"commentCount":0,"publisher":{"@id":"https:\/\/equitas.site\/#organization"},"image":{"@id":"https:\/\/equitas.site\/es\/un-incendio-cerca-de-una-sinagoga-revela-el-doble-rasero-del-gobierno-frances\/#primaryimage"},"thumbnailUrl":"https:\/\/equitas.site\/wp-content\/uploads\/2024\/08\/France-Un-incendie-pres-dune-synagogue-revele-le-deux-poids-deux-mesures-du-gouvernement-francais.png","keywords":["francia","sinagoga"],"articleSection":["Francia","Noticias"],"inLanguage":"es","potentialAction":[{"@type":"CommentAction","name":"Comment","target":["https:\/\/equitas.site\/es\/un-incendio-cerca-de-una-sinagoga-revela-el-doble-rasero-del-gobierno-frances\/#respond"]}]},{"@type":"WebPage","@id":"https:\/\/equitas.site\/es\/un-incendio-cerca-de-una-sinagoga-revela-el-doble-rasero-del-gobierno-frances\/","url":"https:\/\/equitas.site\/es\/un-incendio-cerca-de-una-sinagoga-revela-el-doble-rasero-del-gobierno-frances\/","name":"Un incendio cerca de una sinagoga revela el doble rasero del gobierno franc\u00e9s - Equitas","isPartOf":{"@id":"https:\/\/equitas.site\/#website"},"primaryImageOfPage":{"@id":"https:\/\/equitas.site\/es\/un-incendio-cerca-de-una-sinagoga-revela-el-doble-rasero-del-gobierno-frances\/#primaryimage"},"image":{"@id":"https:\/\/equitas.site\/es\/un-incendio-cerca-de-una-sinagoga-revela-el-doble-rasero-del-gobierno-frances\/#primaryimage"},"thumbnailUrl":"https:\/\/equitas.site\/wp-content\/uploads\/2024\/08\/France-Un-incendie-pres-dune-synagogue-revele-le-deux-poids-deux-mesures-du-gouvernement-francais.png","datePublished":"2024-08-28T07:46:35+00:00","dateModified":"2024-09-15T19:51:36+00:00","breadcrumb":{"@id":"https:\/\/equitas.site\/es\/un-incendio-cerca-de-una-sinagoga-revela-el-doble-rasero-del-gobierno-frances\/#breadcrumb"},"inLanguage":"es","potentialAction":[{"@type":"ReadAction","target":["https:\/\/equitas.site\/es\/un-incendio-cerca-de-una-sinagoga-revela-el-doble-rasero-del-gobierno-frances\/"]}]},{"@type":"ImageObject","inLanguage":"es","@id":"https:\/\/equitas.site\/es\/un-incendio-cerca-de-una-sinagoga-revela-el-doble-rasero-del-gobierno-frances\/#primaryimage","url":"https:\/\/equitas.site\/wp-content\/uploads\/2024\/08\/France-Un-incendie-pres-dune-synagogue-revele-le-deux-poids-deux-mesures-du-gouvernement-francais.png","contentUrl":"https:\/\/equitas.site\/wp-content\/uploads\/2024\/08\/France-Un-incendie-pres-dune-synagogue-revele-le-deux-poids-deux-mesures-du-gouvernement-francais.png","width":1280,"height":720},{"@type":"BreadcrumbList","@id":"https:\/\/equitas.site\/es\/un-incendio-cerca-de-una-sinagoga-revela-el-doble-rasero-del-gobierno-frances\/#breadcrumb","itemListElement":[{"@type":"ListItem","position":1,"name":"Accueil","item":"https:\/\/equitas.site\/da\/"},{"@type":"ListItem","position":2,"name":"Un incendio cerca de una sinagoga revela el doble rasero del gobierno franc\u00e9s"}]},{"@type":"WebSite","@id":"https:\/\/equitas.site\/#website","url":"https:\/\/equitas.site\/","name":"Equitas","description":"Your shield against hate.","publisher":{"@id":"https:\/\/equitas.site\/#organization"},"potentialAction":[{"@type":"SearchAction","target":{"@type":"EntryPoint","urlTemplate":"https:\/\/equitas.site\/?s={search_term_string}"},"query-input":{"@type":"PropertyValueSpecification","valueRequired":true,"valueName":"search_term_string"}}],"inLanguage":"es"},{"@type":"Organization","@id":"https:\/\/equitas.site\/#organization","name":"Equitas","url":"https:\/\/equitas.site\/","logo":{"@type":"ImageObject","inLanguage":"es","@id":"https:\/\/equitas.site\/#\/schema\/logo\/image\/","url":"https:\/\/equitas.site\/wp-content\/uploads\/2024\/03\/Groupe-2.png","contentUrl":"https:\/\/equitas.site\/wp-content\/uploads\/2024\/03\/Groupe-2.png","width":188,"height":44,"caption":"Equitas"},"image":{"@id":"https:\/\/equitas.site\/#\/schema\/logo\/image\/"}},{"@type":"Person","@id":"https:\/\/equitas.site\/#\/schema\/person\/dd7e17205703348c59742d137575de32","name":"Equitas","image":{"@type":"ImageObject","inLanguage":"es","@id":"https:\/\/equitas.site\/#\/schema\/person\/image\/","url":"https:\/\/secure.gravatar.com\/avatar\/?s=96&d=mm&r=g","contentUrl":"https:\/\/secure.gravatar.com\/avatar\/?s=96&d=mm&r=g","caption":"Equitas"},"url":"https:\/\/equitas.site\/es\/author\/equitas\/"}]}},"_links":{"self":[{"href":"https:\/\/equitas.site\/es\/wp-json\/wp\/v2\/posts\/4180","targetHints":{"allow":["GET"]}}],"collection":[{"href":"https:\/\/equitas.site\/es\/wp-json\/wp\/v2\/posts"}],"about":[{"href":"https:\/\/equitas.site\/es\/wp-json\/wp\/v2\/types\/post"}],"author":[{"embeddable":true,"href":"https:\/\/equitas.site\/es\/wp-json\/wp\/v2\/users\/2"}],"replies":[{"embeddable":true,"href":"https:\/\/equitas.site\/es\/wp-json\/wp\/v2\/comments?post=4180"}],"version-history":[{"count":1,"href":"https:\/\/equitas.site\/es\/wp-json\/wp\/v2\/posts\/4180\/revisions"}],"predecessor-version":[{"id":4185,"href":"https:\/\/equitas.site\/es\/wp-json\/wp\/v2\/posts\/4180\/revisions\/4185"}],"wp:featuredmedia":[{"embeddable":true,"href":"https:\/\/equitas.site\/es\/wp-json\/wp\/v2\/media\/4182"}],"wp:attachment":[{"href":"https:\/\/equitas.site\/es\/wp-json\/wp\/v2\/media?parent=4180"}],"wp:term":[{"taxonomy":"category","embeddable":true,"href":"https:\/\/equitas.site\/es\/wp-json\/wp\/v2\/categories?post=4180"},{"taxonomy":"post_tag","embeddable":true,"href":"https:\/\/equitas.site\/es\/wp-json\/wp\/v2\/tags?post=4180"}],"curies":[{"name":"wp","href":"https:\/\/api.w.org\/{rel}","templated":true}]}}