{"id":4214,"date":"2024-08-28T11:08:34","date_gmt":"2024-08-28T11:08:34","guid":{"rendered":"https:\/\/equitas.site\/se-denego-la-entrada-a-una-piscina-de-remich-a-tres-mujeres-que-llevaban-trajes-de-bano-reveladores\/"},"modified":"2024-09-15T19:51:42","modified_gmt":"2024-09-15T19:51:42","slug":"se-denego-la-entrada-a-una-piscina-de-remich-a-tres-mujeres-que-llevaban-trajes-de-bano-reveladores","status":"publish","type":"post","link":"https:\/\/equitas.site\/es\/se-denego-la-entrada-a-una-piscina-de-remich-a-tres-mujeres-que-llevaban-trajes-de-bano-reveladores\/","title":{"rendered":"Se deneg\u00f3 la entrada a una piscina de Remich a tres mujeres que llevaban trajes de ba\u00f1o reveladores"},"content":{"rendered":"\n<p>El 24 de agosto de 2024, un socorrista neg\u00f3 el acceso a la piscina de Remich (municipio del sureste de Luxemburgo) a tres mujeres que llevaban trajes de ba\u00f1o reveladores, alegando que su vestimenta era ilegal.<\/p>\n\n<p>Sin embargo, en Luxemburgo no existe legislaci\u00f3n que proh\u00edba llevar ropa reveladora en las zonas de ba\u00f1o p\u00fablicas, dejando que cada zona de ba\u00f1o decida.\nEsto crea disparidades en todo el pa\u00eds y un sentimiento de discriminaci\u00f3n para las personas a las que se deniega el acceso. <\/p>\n\n<p>Esta posibilidad deber\u00eda normalizarse a nivel nacional para evitar situaciones de exclusi\u00f3n de algunas mujeres, teniendo en cuenta que la longitud del ba\u00f1ador no tiene nada que ver con criterios de higiene y seguridad, que a menudo se invocan para justificar la prohibici\u00f3n de los ba\u00f1adores largos.<\/p>\n","protected":false},"excerpt":{"rendered":"<p>El 24 de agosto de 2024, un socorrista neg\u00f3 el acceso a la piscina de Remich (municipio del sureste de Luxemburgo) a tres mujeres que llevaban trajes de ba\u00f1o reveladores, alegando que su vestimenta era ilegal. Sin embargo, en Luxemburgo no existe legislaci\u00f3n que proh\u00edba llevar ropa reveladora en las zonas de ba\u00f1o p\u00fablicas, dejando [&hellip;]<\/p>\n","protected":false},"author":2,"featured_media":4215,"comment_status":"open","ping_status":"open","sticky":false,"template":"","format":"standard","meta":{"footnotes":""},"categories":[249,213],"tags":[250,251],"class_list":["post-4214","post","type-post","status-publish","format-standard","has-post-thumbnail","hentry","category-luxemburgo","category-noticias","tag-burkini-es","tag-luxemburgo"],"yoast_head":"<!-- This site is optimized with the Yoast SEO plugin v27.1.1 - https:\/\/yoast.com\/product\/yoast-seo-wordpress\/ -->\n<title>Se deneg\u00f3 la entrada a una piscina de Remich a tres mujeres que llevaban trajes de ba\u00f1o reveladores - Equitas<\/title>\n<meta name=\"robots\" content=\"index, follow, max-snippet:-1, max-image-preview:large, max-video-preview:-1\" \/>\n<link rel=\"canonical\" href=\"https:\/\/equitas.site\/es\/se-denego-la-entrada-a-una-piscina-de-remich-a-tres-mujeres-que-llevaban-trajes-de-bano-reveladores\/\" \/>\n<meta property=\"og:locale\" content=\"es_ES\" \/>\n<meta property=\"og:type\" content=\"article\" \/>\n<meta property=\"og:title\" content=\"Se deneg\u00f3 la entrada a una piscina de Remich a tres mujeres que llevaban trajes de ba\u00f1o reveladores - Equitas\" \/>\n<meta property=\"og:description\" content=\"El 24 de agosto de 2024, un socorrista neg\u00f3 el acceso a la piscina de Remich (municipio del sureste de Luxemburgo) a tres mujeres que llevaban trajes de ba\u00f1o reveladores, alegando que su vestimenta era ilegal. Sin embargo, en Luxemburgo no existe legislaci\u00f3n que proh\u00edba llevar ropa reveladora en las zonas de ba\u00f1o p\u00fablicas, dejando [&hellip;]\" \/>\n<meta property=\"og:url\" content=\"https:\/\/equitas.site\/es\/se-denego-la-entrada-a-una-piscina-de-remich-a-tres-mujeres-que-llevaban-trajes-de-bano-reveladores\/\" \/>\n<meta property=\"og:site_name\" content=\"Equitas\" \/>\n<meta property=\"article:published_time\" content=\"2024-08-28T11:08:34+00:00\" \/>\n<meta property=\"article:modified_time\" content=\"2024-09-15T19:51:42+00:00\" \/>\n<meta property=\"og:image\" content=\"https:\/\/equitas.site\/wp-content\/uploads\/2024\/08\/Luxembourg-burkini.png\" \/>\n\t<meta property=\"og:image:width\" content=\"1280\" \/>\n\t<meta property=\"og:image:height\" content=\"720\" \/>\n\t<meta property=\"og:image:type\" content=\"image\/png\" \/>\n<meta name=\"author\" content=\"Equitas\" \/>\n<meta name=\"twitter:card\" content=\"summary_large_image\" \/>\n<meta name=\"twitter:label1\" content=\"Escrito por\" \/>\n\t<meta name=\"twitter:data1\" content=\"Equitas\" \/>\n\t<meta name=\"twitter:label2\" content=\"Tiempo de lectura\" \/>\n\t<meta name=\"twitter:data2\" content=\"1 minuto\" \/>\n<script type=\"application\/ld+json\" class=\"yoast-schema-graph\">{\"@context\":\"https:\/\/schema.org\",\"@graph\":[{\"@type\":\"Article\",\"@id\":\"https:\/\/equitas.site\/es\/se-denego-la-entrada-a-una-piscina-de-remich-a-tres-mujeres-que-llevaban-trajes-de-bano-reveladores\/#article\",\"isPartOf\":{\"@id\":\"https:\/\/equitas.site\/es\/se-denego-la-entrada-a-una-piscina-de-remich-a-tres-mujeres-que-llevaban-trajes-de-bano-reveladores\/\"},\"author\":{\"name\":\"Equitas\",\"@id\":\"https:\/\/equitas.site\/#\/schema\/person\/dd7e17205703348c59742d137575de32\"},\"headline\":\"Se deneg\u00f3 la entrada a una piscina de Remich a tres mujeres que llevaban trajes de ba\u00f1o reveladores\",\"datePublished\":\"2024-08-28T11:08:34+00:00\",\"dateModified\":\"2024-09-15T19:51:42+00:00\",\"mainEntityOfPage\":{\"@id\":\"https:\/\/equitas.site\/es\/se-denego-la-entrada-a-una-piscina-de-remich-a-tres-mujeres-que-llevaban-trajes-de-bano-reveladores\/\"},\"wordCount\":160,\"commentCount\":0,\"publisher\":{\"@id\":\"https:\/\/equitas.site\/#organization\"},\"image\":{\"@id\":\"https:\/\/equitas.site\/es\/se-denego-la-entrada-a-una-piscina-de-remich-a-tres-mujeres-que-llevaban-trajes-de-bano-reveladores\/#primaryimage\"},\"thumbnailUrl\":\"https:\/\/equitas.site\/wp-content\/uploads\/2024\/08\/Luxembourg-burkini.png\",\"keywords\":[\"burkini\",\"luxemburgo\"],\"articleSection\":[\"Luxemburgo\",\"Noticias\"],\"inLanguage\":\"es\",\"potentialAction\":[{\"@type\":\"CommentAction\",\"name\":\"Comment\",\"target\":[\"https:\/\/equitas.site\/es\/se-denego-la-entrada-a-una-piscina-de-remich-a-tres-mujeres-que-llevaban-trajes-de-bano-reveladores\/#respond\"]}]},{\"@type\":\"WebPage\",\"@id\":\"https:\/\/equitas.site\/es\/se-denego-la-entrada-a-una-piscina-de-remich-a-tres-mujeres-que-llevaban-trajes-de-bano-reveladores\/\",\"url\":\"https:\/\/equitas.site\/es\/se-denego-la-entrada-a-una-piscina-de-remich-a-tres-mujeres-que-llevaban-trajes-de-bano-reveladores\/\",\"name\":\"Se deneg\u00f3 la entrada a una piscina de Remich a tres mujeres que llevaban trajes de ba\u00f1o reveladores - Equitas\",\"isPartOf\":{\"@id\":\"https:\/\/equitas.site\/#website\"},\"primaryImageOfPage\":{\"@id\":\"https:\/\/equitas.site\/es\/se-denego-la-entrada-a-una-piscina-de-remich-a-tres-mujeres-que-llevaban-trajes-de-bano-reveladores\/#primaryimage\"},\"image\":{\"@id\":\"https:\/\/equitas.site\/es\/se-denego-la-entrada-a-una-piscina-de-remich-a-tres-mujeres-que-llevaban-trajes-de-bano-reveladores\/#primaryimage\"},\"thumbnailUrl\":\"https:\/\/equitas.site\/wp-content\/uploads\/2024\/08\/Luxembourg-burkini.png\",\"datePublished\":\"2024-08-28T11:08:34+00:00\",\"dateModified\":\"2024-09-15T19:51:42+00:00\",\"breadcrumb\":{\"@id\":\"https:\/\/equitas.site\/es\/se-denego-la-entrada-a-una-piscina-de-remich-a-tres-mujeres-que-llevaban-trajes-de-bano-reveladores\/#breadcrumb\"},\"inLanguage\":\"es\",\"potentialAction\":[{\"@type\":\"ReadAction\",\"target\":[\"https:\/\/equitas.site\/es\/se-denego-la-entrada-a-una-piscina-de-remich-a-tres-mujeres-que-llevaban-trajes-de-bano-reveladores\/\"]}]},{\"@type\":\"ImageObject\",\"inLanguage\":\"es\",\"@id\":\"https:\/\/equitas.site\/es\/se-denego-la-entrada-a-una-piscina-de-remich-a-tres-mujeres-que-llevaban-trajes-de-bano-reveladores\/#primaryimage\",\"url\":\"https:\/\/equitas.site\/wp-content\/uploads\/2024\/08\/Luxembourg-burkini.png\",\"contentUrl\":\"https:\/\/equitas.site\/wp-content\/uploads\/2024\/08\/Luxembourg-burkini.png\",\"width\":1280,\"height\":720},{\"@type\":\"BreadcrumbList\",\"@id\":\"https:\/\/equitas.site\/es\/se-denego-la-entrada-a-una-piscina-de-remich-a-tres-mujeres-que-llevaban-trajes-de-bano-reveladores\/#breadcrumb\",\"itemListElement\":[{\"@type\":\"ListItem\",\"position\":1,\"name\":\"Accueil\",\"item\":\"https:\/\/equitas.site\/da\/\"},{\"@type\":\"ListItem\",\"position\":2,\"name\":\"Se deneg\u00f3 la entrada a una piscina de Remich a tres mujeres que llevaban trajes de ba\u00f1o reveladores\"}]},{\"@type\":\"WebSite\",\"@id\":\"https:\/\/equitas.site\/#website\",\"url\":\"https:\/\/equitas.site\/\",\"name\":\"Equitas\",\"description\":\"Your shield against hate.\",\"publisher\":{\"@id\":\"https:\/\/equitas.site\/#organization\"},\"potentialAction\":[{\"@type\":\"SearchAction\",\"target\":{\"@type\":\"EntryPoint\",\"urlTemplate\":\"https:\/\/equitas.site\/?s={search_term_string}\"},\"query-input\":{\"@type\":\"PropertyValueSpecification\",\"valueRequired\":true,\"valueName\":\"search_term_string\"}}],\"inLanguage\":\"es\"},{\"@type\":\"Organization\",\"@id\":\"https:\/\/equitas.site\/#organization\",\"name\":\"Equitas\",\"url\":\"https:\/\/equitas.site\/\",\"logo\":{\"@type\":\"ImageObject\",\"inLanguage\":\"es\",\"@id\":\"https:\/\/equitas.site\/#\/schema\/logo\/image\/\",\"url\":\"https:\/\/equitas.site\/wp-content\/uploads\/2024\/03\/Groupe-2.png\",\"contentUrl\":\"https:\/\/equitas.site\/wp-content\/uploads\/2024\/03\/Groupe-2.png\",\"width\":188,\"height\":44,\"caption\":\"Equitas\"},\"image\":{\"@id\":\"https:\/\/equitas.site\/#\/schema\/logo\/image\/\"}},{\"@type\":\"Person\",\"@id\":\"https:\/\/equitas.site\/#\/schema\/person\/dd7e17205703348c59742d137575de32\",\"name\":\"Equitas\",\"image\":{\"@type\":\"ImageObject\",\"inLanguage\":\"es\",\"@id\":\"https:\/\/equitas.site\/#\/schema\/person\/image\/\",\"url\":\"https:\/\/secure.gravatar.com\/avatar\/?s=96&d=mm&r=g\",\"contentUrl\":\"https:\/\/secure.gravatar.com\/avatar\/?s=96&d=mm&r=g\",\"caption\":\"Equitas\"},\"url\":\"https:\/\/equitas.site\/es\/author\/equitas\/\"}]}<\/script>\n<!-- \/ Yoast SEO plugin. -->","yoast_head_json":{"title":"Se deneg\u00f3 la entrada a una piscina de Remich a tres mujeres que llevaban trajes de ba\u00f1o reveladores - Equitas","robots":{"index":"index","follow":"follow","max-snippet":"max-snippet:-1","max-image-preview":"max-image-preview:large","max-video-preview":"max-video-preview:-1"},"canonical":"https:\/\/equitas.site\/es\/se-denego-la-entrada-a-una-piscina-de-remich-a-tres-mujeres-que-llevaban-trajes-de-bano-reveladores\/","og_locale":"es_ES","og_type":"article","og_title":"Se deneg\u00f3 la entrada a una piscina de Remich a tres mujeres que llevaban trajes de ba\u00f1o reveladores - Equitas","og_description":"El 24 de agosto de 2024, un socorrista neg\u00f3 el acceso a la piscina de Remich (municipio del sureste de Luxemburgo) a tres mujeres que llevaban trajes de ba\u00f1o reveladores, alegando que su vestimenta era ilegal. Sin embargo, en Luxemburgo no existe legislaci\u00f3n que proh\u00edba llevar ropa reveladora en las zonas de ba\u00f1o p\u00fablicas, dejando [&hellip;]","og_url":"https:\/\/equitas.site\/es\/se-denego-la-entrada-a-una-piscina-de-remich-a-tres-mujeres-que-llevaban-trajes-de-bano-reveladores\/","og_site_name":"Equitas","article_published_time":"2024-08-28T11:08:34+00:00","article_modified_time":"2024-09-15T19:51:42+00:00","og_image":[{"width":1280,"height":720,"url":"https:\/\/equitas.site\/wp-content\/uploads\/2024\/08\/Luxembourg-burkini.png","type":"image\/png"}],"author":"Equitas","twitter_card":"summary_large_image","twitter_misc":{"Escrito por":"Equitas","Tiempo de lectura":"1 minuto"},"schema":{"@context":"https:\/\/schema.org","@graph":[{"@type":"Article","@id":"https:\/\/equitas.site\/es\/se-denego-la-entrada-a-una-piscina-de-remich-a-tres-mujeres-que-llevaban-trajes-de-bano-reveladores\/#article","isPartOf":{"@id":"https:\/\/equitas.site\/es\/se-denego-la-entrada-a-una-piscina-de-remich-a-tres-mujeres-que-llevaban-trajes-de-bano-reveladores\/"},"author":{"name":"Equitas","@id":"https:\/\/equitas.site\/#\/schema\/person\/dd7e17205703348c59742d137575de32"},"headline":"Se deneg\u00f3 la entrada a una piscina de Remich a tres mujeres que llevaban trajes de ba\u00f1o reveladores","datePublished":"2024-08-28T11:08:34+00:00","dateModified":"2024-09-15T19:51:42+00:00","mainEntityOfPage":{"@id":"https:\/\/equitas.site\/es\/se-denego-la-entrada-a-una-piscina-de-remich-a-tres-mujeres-que-llevaban-trajes-de-bano-reveladores\/"},"wordCount":160,"commentCount":0,"publisher":{"@id":"https:\/\/equitas.site\/#organization"},"image":{"@id":"https:\/\/equitas.site\/es\/se-denego-la-entrada-a-una-piscina-de-remich-a-tres-mujeres-que-llevaban-trajes-de-bano-reveladores\/#primaryimage"},"thumbnailUrl":"https:\/\/equitas.site\/wp-content\/uploads\/2024\/08\/Luxembourg-burkini.png","keywords":["burkini","luxemburgo"],"articleSection":["Luxemburgo","Noticias"],"inLanguage":"es","potentialAction":[{"@type":"CommentAction","name":"Comment","target":["https:\/\/equitas.site\/es\/se-denego-la-entrada-a-una-piscina-de-remich-a-tres-mujeres-que-llevaban-trajes-de-bano-reveladores\/#respond"]}]},{"@type":"WebPage","@id":"https:\/\/equitas.site\/es\/se-denego-la-entrada-a-una-piscina-de-remich-a-tres-mujeres-que-llevaban-trajes-de-bano-reveladores\/","url":"https:\/\/equitas.site\/es\/se-denego-la-entrada-a-una-piscina-de-remich-a-tres-mujeres-que-llevaban-trajes-de-bano-reveladores\/","name":"Se deneg\u00f3 la entrada a una piscina de Remich a tres mujeres que llevaban trajes de ba\u00f1o reveladores - Equitas","isPartOf":{"@id":"https:\/\/equitas.site\/#website"},"primaryImageOfPage":{"@id":"https:\/\/equitas.site\/es\/se-denego-la-entrada-a-una-piscina-de-remich-a-tres-mujeres-que-llevaban-trajes-de-bano-reveladores\/#primaryimage"},"image":{"@id":"https:\/\/equitas.site\/es\/se-denego-la-entrada-a-una-piscina-de-remich-a-tres-mujeres-que-llevaban-trajes-de-bano-reveladores\/#primaryimage"},"thumbnailUrl":"https:\/\/equitas.site\/wp-content\/uploads\/2024\/08\/Luxembourg-burkini.png","datePublished":"2024-08-28T11:08:34+00:00","dateModified":"2024-09-15T19:51:42+00:00","breadcrumb":{"@id":"https:\/\/equitas.site\/es\/se-denego-la-entrada-a-una-piscina-de-remich-a-tres-mujeres-que-llevaban-trajes-de-bano-reveladores\/#breadcrumb"},"inLanguage":"es","potentialAction":[{"@type":"ReadAction","target":["https:\/\/equitas.site\/es\/se-denego-la-entrada-a-una-piscina-de-remich-a-tres-mujeres-que-llevaban-trajes-de-bano-reveladores\/"]}]},{"@type":"ImageObject","inLanguage":"es","@id":"https:\/\/equitas.site\/es\/se-denego-la-entrada-a-una-piscina-de-remich-a-tres-mujeres-que-llevaban-trajes-de-bano-reveladores\/#primaryimage","url":"https:\/\/equitas.site\/wp-content\/uploads\/2024\/08\/Luxembourg-burkini.png","contentUrl":"https:\/\/equitas.site\/wp-content\/uploads\/2024\/08\/Luxembourg-burkini.png","width":1280,"height":720},{"@type":"BreadcrumbList","@id":"https:\/\/equitas.site\/es\/se-denego-la-entrada-a-una-piscina-de-remich-a-tres-mujeres-que-llevaban-trajes-de-bano-reveladores\/#breadcrumb","itemListElement":[{"@type":"ListItem","position":1,"name":"Accueil","item":"https:\/\/equitas.site\/da\/"},{"@type":"ListItem","position":2,"name":"Se deneg\u00f3 la entrada a una piscina de Remich a tres mujeres que llevaban trajes de ba\u00f1o reveladores"}]},{"@type":"WebSite","@id":"https:\/\/equitas.site\/#website","url":"https:\/\/equitas.site\/","name":"Equitas","description":"Your shield against hate.","publisher":{"@id":"https:\/\/equitas.site\/#organization"},"potentialAction":[{"@type":"SearchAction","target":{"@type":"EntryPoint","urlTemplate":"https:\/\/equitas.site\/?s={search_term_string}"},"query-input":{"@type":"PropertyValueSpecification","valueRequired":true,"valueName":"search_term_string"}}],"inLanguage":"es"},{"@type":"Organization","@id":"https:\/\/equitas.site\/#organization","name":"Equitas","url":"https:\/\/equitas.site\/","logo":{"@type":"ImageObject","inLanguage":"es","@id":"https:\/\/equitas.site\/#\/schema\/logo\/image\/","url":"https:\/\/equitas.site\/wp-content\/uploads\/2024\/03\/Groupe-2.png","contentUrl":"https:\/\/equitas.site\/wp-content\/uploads\/2024\/03\/Groupe-2.png","width":188,"height":44,"caption":"Equitas"},"image":{"@id":"https:\/\/equitas.site\/#\/schema\/logo\/image\/"}},{"@type":"Person","@id":"https:\/\/equitas.site\/#\/schema\/person\/dd7e17205703348c59742d137575de32","name":"Equitas","image":{"@type":"ImageObject","inLanguage":"es","@id":"https:\/\/equitas.site\/#\/schema\/person\/image\/","url":"https:\/\/secure.gravatar.com\/avatar\/?s=96&d=mm&r=g","contentUrl":"https:\/\/secure.gravatar.com\/avatar\/?s=96&d=mm&r=g","caption":"Equitas"},"url":"https:\/\/equitas.site\/es\/author\/equitas\/"}]}},"_links":{"self":[{"href":"https:\/\/equitas.site\/es\/wp-json\/wp\/v2\/posts\/4214","targetHints":{"allow":["GET"]}}],"collection":[{"href":"https:\/\/equitas.site\/es\/wp-json\/wp\/v2\/posts"}],"about":[{"href":"https:\/\/equitas.site\/es\/wp-json\/wp\/v2\/types\/post"}],"author":[{"embeddable":true,"href":"https:\/\/equitas.site\/es\/wp-json\/wp\/v2\/users\/2"}],"replies":[{"embeddable":true,"href":"https:\/\/equitas.site\/es\/wp-json\/wp\/v2\/comments?post=4214"}],"version-history":[{"count":1,"href":"https:\/\/equitas.site\/es\/wp-json\/wp\/v2\/posts\/4214\/revisions"}],"predecessor-version":[{"id":4216,"href":"https:\/\/equitas.site\/es\/wp-json\/wp\/v2\/posts\/4214\/revisions\/4216"}],"wp:featuredmedia":[{"embeddable":true,"href":"https:\/\/equitas.site\/es\/wp-json\/wp\/v2\/media\/4215"}],"wp:attachment":[{"href":"https:\/\/equitas.site\/es\/wp-json\/wp\/v2\/media?parent=4214"}],"wp:term":[{"taxonomy":"category","embeddable":true,"href":"https:\/\/equitas.site\/es\/wp-json\/wp\/v2\/categories?post=4214"},{"taxonomy":"post_tag","embeddable":true,"href":"https:\/\/equitas.site\/es\/wp-json\/wp\/v2\/tags?post=4214"}],"curies":[{"name":"wp","href":"https:\/\/api.w.org\/{rel}","templated":true}]}}