{"id":4217,"date":"2024-08-28T11:36:46","date_gmt":"2024-08-28T11:36:46","guid":{"rendered":"https:\/\/equitas.site\/alcalde-espanol-multado-con-10-000-euros-por-insultar-a-los-musulmanes\/"},"modified":"2024-09-15T19:51:42","modified_gmt":"2024-09-15T19:51:42","slug":"alcalde-espanol-multado-con-10-000-euros-por-insultar-a-los-musulmanes","status":"publish","type":"post","link":"https:\/\/equitas.site\/es\/alcalde-espanol-multado-con-10-000-euros-por-insultar-a-los-musulmanes\/","title":{"rendered":"Alcalde espa\u00f1ol multado con 10.000 euros por insultar a los musulmanes"},"content":{"rendered":"\n<p>Silvia Orriols, alcaldesa de Ripoll en Catalu\u00f1a (noreste de Espa\u00f1a) y miembro del partido nacionalista de extrema derecha \u00abAlianca Catalana\u00bb en el parlamento local catal\u00e1n, ha sido multada con 10.000 euros por insultar a los musulmanes en unas declaraciones en el canal de televisi\u00f3n \u00ab8TV\u00bb.\nAfirm\u00f3 que los musulmanes que viv\u00edan en la regi\u00f3n eran una \u00abamenaza para la identidad catalana\u00bb. <\/p>\n\n<p>La multa fue impuesta por el gobierno aut\u00f3nomo catal\u00e1n en aplicaci\u00f3n de una ley destinada a combatir la islamofobia y la xenofobia en la regi\u00f3n.\nEsta sanci\u00f3n es un poderoso s\u00edmbolo contra la normalizaci\u00f3n de los comentarios islam\u00f3fobos por parte de la clase pol\u00edtica. <\/p>\n","protected":false},"excerpt":{"rendered":"<p>Silvia Orriols, alcaldesa de Ripoll en Catalu\u00f1a (noreste de Espa\u00f1a) y miembro del partido nacionalista de extrema derecha \u00abAlianca Catalana\u00bb en el parlamento local catal\u00e1n, ha sido multada con 10.000 euros por insultar a los musulmanes en unas declaraciones en el canal de televisi\u00f3n \u00ab8TV\u00bb. Afirm\u00f3 que los musulmanes que viv\u00edan en la regi\u00f3n eran [&hellip;]<\/p>\n","protected":false},"author":2,"featured_media":4218,"comment_status":"open","ping_status":"open","sticky":false,"template":"","format":"standard","meta":{"footnotes":""},"categories":[252,213],"tags":[253,254,255],"class_list":["post-4217","post","type-post","status-publish","format-standard","has-post-thumbnail","hentry","category-espana","category-noticias","tag-espana","tag-fino","tag-insultos"],"yoast_head":"<!-- This site is optimized with the Yoast SEO plugin v27.1.1 - https:\/\/yoast.com\/product\/yoast-seo-wordpress\/ -->\n<title>Alcalde espa\u00f1ol multado con 10.000 euros por insultar a los musulmanes - Equitas<\/title>\n<meta name=\"robots\" content=\"index, follow, max-snippet:-1, max-image-preview:large, max-video-preview:-1\" \/>\n<link rel=\"canonical\" href=\"https:\/\/equitas.site\/es\/alcalde-espanol-multado-con-10-000-euros-por-insultar-a-los-musulmanes\/\" \/>\n<meta property=\"og:locale\" content=\"es_ES\" \/>\n<meta property=\"og:type\" content=\"article\" \/>\n<meta property=\"og:title\" content=\"Alcalde espa\u00f1ol multado con 10.000 euros por insultar a los musulmanes - Equitas\" \/>\n<meta property=\"og:description\" content=\"Silvia Orriols, alcaldesa de Ripoll en Catalu\u00f1a (noreste de Espa\u00f1a) y miembro del partido nacionalista de extrema derecha \u00abAlianca Catalana\u00bb en el parlamento local catal\u00e1n, ha sido multada con 10.000 euros por insultar a los musulmanes en unas declaraciones en el canal de televisi\u00f3n \u00ab8TV\u00bb. Afirm\u00f3 que los musulmanes que viv\u00edan en la regi\u00f3n eran [&hellip;]\" \/>\n<meta property=\"og:url\" content=\"https:\/\/equitas.site\/es\/alcalde-espanol-multado-con-10-000-euros-por-insultar-a-los-musulmanes\/\" \/>\n<meta property=\"og:site_name\" content=\"Equitas\" \/>\n<meta property=\"article:published_time\" content=\"2024-08-28T11:36:46+00:00\" \/>\n<meta property=\"article:modified_time\" content=\"2024-09-15T19:51:42+00:00\" \/>\n<meta property=\"og:image\" content=\"https:\/\/equitas.site\/wp-content\/uploads\/2024\/08\/Espagne-Une-mairesse-espagnole-condamnee-a-une-amende-de-10-000-E-pour-avoir-insulte-les-musulmanes.png\" \/>\n\t<meta property=\"og:image:width\" content=\"1280\" \/>\n\t<meta property=\"og:image:height\" content=\"720\" \/>\n\t<meta property=\"og:image:type\" content=\"image\/png\" \/>\n<meta name=\"author\" content=\"Equitas\" \/>\n<meta name=\"twitter:card\" content=\"summary_large_image\" \/>\n<meta name=\"twitter:label1\" content=\"Escrito por\" \/>\n\t<meta name=\"twitter:data1\" content=\"Equitas\" \/>\n\t<meta name=\"twitter:label2\" content=\"Tiempo de lectura\" \/>\n\t<meta name=\"twitter:data2\" content=\"1 minuto\" \/>\n<script type=\"application\/ld+json\" class=\"yoast-schema-graph\">{\"@context\":\"https:\/\/schema.org\",\"@graph\":[{\"@type\":\"Article\",\"@id\":\"https:\/\/equitas.site\/es\/alcalde-espanol-multado-con-10-000-euros-por-insultar-a-los-musulmanes\/#article\",\"isPartOf\":{\"@id\":\"https:\/\/equitas.site\/es\/alcalde-espanol-multado-con-10-000-euros-por-insultar-a-los-musulmanes\/\"},\"author\":{\"name\":\"Equitas\",\"@id\":\"https:\/\/equitas.site\/#\/schema\/person\/dd7e17205703348c59742d137575de32\"},\"headline\":\"Alcalde espa\u00f1ol multado con 10.000 euros por insultar a los musulmanes\",\"datePublished\":\"2024-08-28T11:36:46+00:00\",\"dateModified\":\"2024-09-15T19:51:42+00:00\",\"mainEntityOfPage\":{\"@id\":\"https:\/\/equitas.site\/es\/alcalde-espanol-multado-con-10-000-euros-por-insultar-a-los-musulmanes\/\"},\"wordCount\":130,\"commentCount\":0,\"publisher\":{\"@id\":\"https:\/\/equitas.site\/#organization\"},\"image\":{\"@id\":\"https:\/\/equitas.site\/es\/alcalde-espanol-multado-con-10-000-euros-por-insultar-a-los-musulmanes\/#primaryimage\"},\"thumbnailUrl\":\"https:\/\/equitas.site\/wp-content\/uploads\/2024\/08\/Espagne-Une-mairesse-espagnole-condamnee-a-une-amende-de-10-000-E-pour-avoir-insulte-les-musulmanes.png\",\"keywords\":[\"Espa\u00f1a\",\"Fino\",\"insultos\"],\"articleSection\":[\"Espa\u00f1a\",\"Noticias\"],\"inLanguage\":\"es\",\"potentialAction\":[{\"@type\":\"CommentAction\",\"name\":\"Comment\",\"target\":[\"https:\/\/equitas.site\/es\/alcalde-espanol-multado-con-10-000-euros-por-insultar-a-los-musulmanes\/#respond\"]}]},{\"@type\":\"WebPage\",\"@id\":\"https:\/\/equitas.site\/es\/alcalde-espanol-multado-con-10-000-euros-por-insultar-a-los-musulmanes\/\",\"url\":\"https:\/\/equitas.site\/es\/alcalde-espanol-multado-con-10-000-euros-por-insultar-a-los-musulmanes\/\",\"name\":\"Alcalde espa\u00f1ol multado con 10.000 euros por insultar a los musulmanes - Equitas\",\"isPartOf\":{\"@id\":\"https:\/\/equitas.site\/#website\"},\"primaryImageOfPage\":{\"@id\":\"https:\/\/equitas.site\/es\/alcalde-espanol-multado-con-10-000-euros-por-insultar-a-los-musulmanes\/#primaryimage\"},\"image\":{\"@id\":\"https:\/\/equitas.site\/es\/alcalde-espanol-multado-con-10-000-euros-por-insultar-a-los-musulmanes\/#primaryimage\"},\"thumbnailUrl\":\"https:\/\/equitas.site\/wp-content\/uploads\/2024\/08\/Espagne-Une-mairesse-espagnole-condamnee-a-une-amende-de-10-000-E-pour-avoir-insulte-les-musulmanes.png\",\"datePublished\":\"2024-08-28T11:36:46+00:00\",\"dateModified\":\"2024-09-15T19:51:42+00:00\",\"breadcrumb\":{\"@id\":\"https:\/\/equitas.site\/es\/alcalde-espanol-multado-con-10-000-euros-por-insultar-a-los-musulmanes\/#breadcrumb\"},\"inLanguage\":\"es\",\"potentialAction\":[{\"@type\":\"ReadAction\",\"target\":[\"https:\/\/equitas.site\/es\/alcalde-espanol-multado-con-10-000-euros-por-insultar-a-los-musulmanes\/\"]}]},{\"@type\":\"ImageObject\",\"inLanguage\":\"es\",\"@id\":\"https:\/\/equitas.site\/es\/alcalde-espanol-multado-con-10-000-euros-por-insultar-a-los-musulmanes\/#primaryimage\",\"url\":\"https:\/\/equitas.site\/wp-content\/uploads\/2024\/08\/Espagne-Une-mairesse-espagnole-condamnee-a-une-amende-de-10-000-E-pour-avoir-insulte-les-musulmanes.png\",\"contentUrl\":\"https:\/\/equitas.site\/wp-content\/uploads\/2024\/08\/Espagne-Une-mairesse-espagnole-condamnee-a-une-amende-de-10-000-E-pour-avoir-insulte-les-musulmanes.png\",\"width\":1280,\"height\":720},{\"@type\":\"BreadcrumbList\",\"@id\":\"https:\/\/equitas.site\/es\/alcalde-espanol-multado-con-10-000-euros-por-insultar-a-los-musulmanes\/#breadcrumb\",\"itemListElement\":[{\"@type\":\"ListItem\",\"position\":1,\"name\":\"Accueil\",\"item\":\"https:\/\/equitas.site\/da\/\"},{\"@type\":\"ListItem\",\"position\":2,\"name\":\"Alcalde espa\u00f1ol multado con 10.000 euros por insultar a los musulmanes\"}]},{\"@type\":\"WebSite\",\"@id\":\"https:\/\/equitas.site\/#website\",\"url\":\"https:\/\/equitas.site\/\",\"name\":\"Equitas\",\"description\":\"Your shield against hate.\",\"publisher\":{\"@id\":\"https:\/\/equitas.site\/#organization\"},\"potentialAction\":[{\"@type\":\"SearchAction\",\"target\":{\"@type\":\"EntryPoint\",\"urlTemplate\":\"https:\/\/equitas.site\/?s={search_term_string}\"},\"query-input\":{\"@type\":\"PropertyValueSpecification\",\"valueRequired\":true,\"valueName\":\"search_term_string\"}}],\"inLanguage\":\"es\"},{\"@type\":\"Organization\",\"@id\":\"https:\/\/equitas.site\/#organization\",\"name\":\"Equitas\",\"url\":\"https:\/\/equitas.site\/\",\"logo\":{\"@type\":\"ImageObject\",\"inLanguage\":\"es\",\"@id\":\"https:\/\/equitas.site\/#\/schema\/logo\/image\/\",\"url\":\"https:\/\/equitas.site\/wp-content\/uploads\/2024\/03\/Groupe-2.png\",\"contentUrl\":\"https:\/\/equitas.site\/wp-content\/uploads\/2024\/03\/Groupe-2.png\",\"width\":188,\"height\":44,\"caption\":\"Equitas\"},\"image\":{\"@id\":\"https:\/\/equitas.site\/#\/schema\/logo\/image\/\"}},{\"@type\":\"Person\",\"@id\":\"https:\/\/equitas.site\/#\/schema\/person\/dd7e17205703348c59742d137575de32\",\"name\":\"Equitas\",\"image\":{\"@type\":\"ImageObject\",\"inLanguage\":\"es\",\"@id\":\"https:\/\/equitas.site\/#\/schema\/person\/image\/\",\"url\":\"https:\/\/secure.gravatar.com\/avatar\/?s=96&d=mm&r=g\",\"contentUrl\":\"https:\/\/secure.gravatar.com\/avatar\/?s=96&d=mm&r=g\",\"caption\":\"Equitas\"},\"url\":\"https:\/\/equitas.site\/es\/author\/equitas\/\"}]}<\/script>\n<!-- \/ Yoast SEO plugin. -->","yoast_head_json":{"title":"Alcalde espa\u00f1ol multado con 10.000 euros por insultar a los musulmanes - Equitas","robots":{"index":"index","follow":"follow","max-snippet":"max-snippet:-1","max-image-preview":"max-image-preview:large","max-video-preview":"max-video-preview:-1"},"canonical":"https:\/\/equitas.site\/es\/alcalde-espanol-multado-con-10-000-euros-por-insultar-a-los-musulmanes\/","og_locale":"es_ES","og_type":"article","og_title":"Alcalde espa\u00f1ol multado con 10.000 euros por insultar a los musulmanes - Equitas","og_description":"Silvia Orriols, alcaldesa de Ripoll en Catalu\u00f1a (noreste de Espa\u00f1a) y miembro del partido nacionalista de extrema derecha \u00abAlianca Catalana\u00bb en el parlamento local catal\u00e1n, ha sido multada con 10.000 euros por insultar a los musulmanes en unas declaraciones en el canal de televisi\u00f3n \u00ab8TV\u00bb. Afirm\u00f3 que los musulmanes que viv\u00edan en la regi\u00f3n eran [&hellip;]","og_url":"https:\/\/equitas.site\/es\/alcalde-espanol-multado-con-10-000-euros-por-insultar-a-los-musulmanes\/","og_site_name":"Equitas","article_published_time":"2024-08-28T11:36:46+00:00","article_modified_time":"2024-09-15T19:51:42+00:00","og_image":[{"width":1280,"height":720,"url":"https:\/\/equitas.site\/wp-content\/uploads\/2024\/08\/Espagne-Une-mairesse-espagnole-condamnee-a-une-amende-de-10-000-E-pour-avoir-insulte-les-musulmanes.png","type":"image\/png"}],"author":"Equitas","twitter_card":"summary_large_image","twitter_misc":{"Escrito por":"Equitas","Tiempo de lectura":"1 minuto"},"schema":{"@context":"https:\/\/schema.org","@graph":[{"@type":"Article","@id":"https:\/\/equitas.site\/es\/alcalde-espanol-multado-con-10-000-euros-por-insultar-a-los-musulmanes\/#article","isPartOf":{"@id":"https:\/\/equitas.site\/es\/alcalde-espanol-multado-con-10-000-euros-por-insultar-a-los-musulmanes\/"},"author":{"name":"Equitas","@id":"https:\/\/equitas.site\/#\/schema\/person\/dd7e17205703348c59742d137575de32"},"headline":"Alcalde espa\u00f1ol multado con 10.000 euros por insultar a los musulmanes","datePublished":"2024-08-28T11:36:46+00:00","dateModified":"2024-09-15T19:51:42+00:00","mainEntityOfPage":{"@id":"https:\/\/equitas.site\/es\/alcalde-espanol-multado-con-10-000-euros-por-insultar-a-los-musulmanes\/"},"wordCount":130,"commentCount":0,"publisher":{"@id":"https:\/\/equitas.site\/#organization"},"image":{"@id":"https:\/\/equitas.site\/es\/alcalde-espanol-multado-con-10-000-euros-por-insultar-a-los-musulmanes\/#primaryimage"},"thumbnailUrl":"https:\/\/equitas.site\/wp-content\/uploads\/2024\/08\/Espagne-Une-mairesse-espagnole-condamnee-a-une-amende-de-10-000-E-pour-avoir-insulte-les-musulmanes.png","keywords":["Espa\u00f1a","Fino","insultos"],"articleSection":["Espa\u00f1a","Noticias"],"inLanguage":"es","potentialAction":[{"@type":"CommentAction","name":"Comment","target":["https:\/\/equitas.site\/es\/alcalde-espanol-multado-con-10-000-euros-por-insultar-a-los-musulmanes\/#respond"]}]},{"@type":"WebPage","@id":"https:\/\/equitas.site\/es\/alcalde-espanol-multado-con-10-000-euros-por-insultar-a-los-musulmanes\/","url":"https:\/\/equitas.site\/es\/alcalde-espanol-multado-con-10-000-euros-por-insultar-a-los-musulmanes\/","name":"Alcalde espa\u00f1ol multado con 10.000 euros por insultar a los musulmanes - Equitas","isPartOf":{"@id":"https:\/\/equitas.site\/#website"},"primaryImageOfPage":{"@id":"https:\/\/equitas.site\/es\/alcalde-espanol-multado-con-10-000-euros-por-insultar-a-los-musulmanes\/#primaryimage"},"image":{"@id":"https:\/\/equitas.site\/es\/alcalde-espanol-multado-con-10-000-euros-por-insultar-a-los-musulmanes\/#primaryimage"},"thumbnailUrl":"https:\/\/equitas.site\/wp-content\/uploads\/2024\/08\/Espagne-Une-mairesse-espagnole-condamnee-a-une-amende-de-10-000-E-pour-avoir-insulte-les-musulmanes.png","datePublished":"2024-08-28T11:36:46+00:00","dateModified":"2024-09-15T19:51:42+00:00","breadcrumb":{"@id":"https:\/\/equitas.site\/es\/alcalde-espanol-multado-con-10-000-euros-por-insultar-a-los-musulmanes\/#breadcrumb"},"inLanguage":"es","potentialAction":[{"@type":"ReadAction","target":["https:\/\/equitas.site\/es\/alcalde-espanol-multado-con-10-000-euros-por-insultar-a-los-musulmanes\/"]}]},{"@type":"ImageObject","inLanguage":"es","@id":"https:\/\/equitas.site\/es\/alcalde-espanol-multado-con-10-000-euros-por-insultar-a-los-musulmanes\/#primaryimage","url":"https:\/\/equitas.site\/wp-content\/uploads\/2024\/08\/Espagne-Une-mairesse-espagnole-condamnee-a-une-amende-de-10-000-E-pour-avoir-insulte-les-musulmanes.png","contentUrl":"https:\/\/equitas.site\/wp-content\/uploads\/2024\/08\/Espagne-Une-mairesse-espagnole-condamnee-a-une-amende-de-10-000-E-pour-avoir-insulte-les-musulmanes.png","width":1280,"height":720},{"@type":"BreadcrumbList","@id":"https:\/\/equitas.site\/es\/alcalde-espanol-multado-con-10-000-euros-por-insultar-a-los-musulmanes\/#breadcrumb","itemListElement":[{"@type":"ListItem","position":1,"name":"Accueil","item":"https:\/\/equitas.site\/da\/"},{"@type":"ListItem","position":2,"name":"Alcalde espa\u00f1ol multado con 10.000 euros por insultar a los musulmanes"}]},{"@type":"WebSite","@id":"https:\/\/equitas.site\/#website","url":"https:\/\/equitas.site\/","name":"Equitas","description":"Your shield against hate.","publisher":{"@id":"https:\/\/equitas.site\/#organization"},"potentialAction":[{"@type":"SearchAction","target":{"@type":"EntryPoint","urlTemplate":"https:\/\/equitas.site\/?s={search_term_string}"},"query-input":{"@type":"PropertyValueSpecification","valueRequired":true,"valueName":"search_term_string"}}],"inLanguage":"es"},{"@type":"Organization","@id":"https:\/\/equitas.site\/#organization","name":"Equitas","url":"https:\/\/equitas.site\/","logo":{"@type":"ImageObject","inLanguage":"es","@id":"https:\/\/equitas.site\/#\/schema\/logo\/image\/","url":"https:\/\/equitas.site\/wp-content\/uploads\/2024\/03\/Groupe-2.png","contentUrl":"https:\/\/equitas.site\/wp-content\/uploads\/2024\/03\/Groupe-2.png","width":188,"height":44,"caption":"Equitas"},"image":{"@id":"https:\/\/equitas.site\/#\/schema\/logo\/image\/"}},{"@type":"Person","@id":"https:\/\/equitas.site\/#\/schema\/person\/dd7e17205703348c59742d137575de32","name":"Equitas","image":{"@type":"ImageObject","inLanguage":"es","@id":"https:\/\/equitas.site\/#\/schema\/person\/image\/","url":"https:\/\/secure.gravatar.com\/avatar\/?s=96&d=mm&r=g","contentUrl":"https:\/\/secure.gravatar.com\/avatar\/?s=96&d=mm&r=g","caption":"Equitas"},"url":"https:\/\/equitas.site\/es\/author\/equitas\/"}]}},"_links":{"self":[{"href":"https:\/\/equitas.site\/es\/wp-json\/wp\/v2\/posts\/4217","targetHints":{"allow":["GET"]}}],"collection":[{"href":"https:\/\/equitas.site\/es\/wp-json\/wp\/v2\/posts"}],"about":[{"href":"https:\/\/equitas.site\/es\/wp-json\/wp\/v2\/types\/post"}],"author":[{"embeddable":true,"href":"https:\/\/equitas.site\/es\/wp-json\/wp\/v2\/users\/2"}],"replies":[{"embeddable":true,"href":"https:\/\/equitas.site\/es\/wp-json\/wp\/v2\/comments?post=4217"}],"version-history":[{"count":1,"href":"https:\/\/equitas.site\/es\/wp-json\/wp\/v2\/posts\/4217\/revisions"}],"predecessor-version":[{"id":4219,"href":"https:\/\/equitas.site\/es\/wp-json\/wp\/v2\/posts\/4217\/revisions\/4219"}],"wp:featuredmedia":[{"embeddable":true,"href":"https:\/\/equitas.site\/es\/wp-json\/wp\/v2\/media\/4218"}],"wp:attachment":[{"href":"https:\/\/equitas.site\/es\/wp-json\/wp\/v2\/media?parent=4217"}],"wp:term":[{"taxonomy":"category","embeddable":true,"href":"https:\/\/equitas.site\/es\/wp-json\/wp\/v2\/categories?post=4217"},{"taxonomy":"post_tag","embeddable":true,"href":"https:\/\/equitas.site\/es\/wp-json\/wp\/v2\/tags?post=4217"}],"curies":[{"name":"wp","href":"https:\/\/api.w.org\/{rel}","templated":true}]}}