{"id":6961,"date":"2025-02-04T14:22:11","date_gmt":"2025-02-04T14:22:11","guid":{"rendered":"https:\/\/equitas.site\/karla-sofia-gascon-islamofobe-en-racistische-uitspraken-voeden-controverse-voor-de-oscars\/"},"modified":"2025-05-06T11:01:41","modified_gmt":"2025-05-06T11:01:41","slug":"karla-sofia-gascon-islamofobe-en-racistische-uitspraken-voeden-controverse-voor-de-oscars","status":"publish","type":"post","link":"https:\/\/equitas.site\/nl\/karla-sofia-gascon-islamofobe-en-racistische-uitspraken-voeden-controverse-voor-de-oscars\/","title":{"rendered":"Karla Sof\u00eda Gasc\u00f3n: Islamofobe en racistische uitspraken voeden controverse voor de Oscars"},"content":{"rendered":"\n<p>Karla Sof\u00eda Gasc\u00f3n, ster van de film <em>Emilia P\u00e9rez<\/em> die onlangs genomineerd werd voor de Oscars, moest haar excuses aanbieden na het opduiken van racistische en islamofobe tweets.<\/p>\n\n<p>Onder de meest schokkende uitspraken schreef de Spaanse actrice in 2020:<\/p>\n\n<blockquote class=\"wp-block-quote is-layout-flow wp-block-quote-is-layout-flow\">\n<blockquote class=\"wp-block-quote is-layout-flow wp-block-quote-is-layout-flow\">\n<blockquote class=\"wp-block-quote is-layout-flow wp-block-quote-is-layout-flow\"><\/blockquote>\n<\/blockquote>\n<\/blockquote>\n\n<p><em>&#8220;De islam is geweldig, zonder enig seksisme. Vrouwen worden gerespecteerd, en als ze zo gerespecteerd worden, krijgen ze een klein vierkant gat in hun gezicht zodat hun ogen en mond zichtbaar zijn, maar alleen als ze zich goed gedragen. Het is diep walgelijk voor de mensheid.&#8221;<\/em><\/p>\n\n<p>Deze islamofobe opmerking is niet alleen bedoeld om religieuze praktijken belachelijk te maken, maar ook om moslimvrouwen te beledigen, die in haar verwrongen analyse worden gereduceerd tot objecten van systematische onderdrukking.<\/p>\n\n<p>Ze uitte ook bezorgdheid over de &#8220;groeiende aanwezigheid van moslims in Spanje&#8221;, waarbij ze klaagde over de toename van gesluierde vrouwen op straat, en zelfs verklaarde:<\/p>\n\n<p><em>&#8220;Misschien moeten we volgend jaar in plaats van Engels Arabisch onderwijzen [op de school van haar dochter].&#8221;<\/em><\/p>\n\n<p>De uitspraken van de actrice, die verre van een simpele verspreking zijn, onthullen een diep racistische en islamofobe visie, die gevaarlijke stereotypen ondersteunt en de verdeeldheid verergert in een samenleving die al gekenmerkt wordt door toenemende spanningen.<\/p>\n","protected":false},"excerpt":{"rendered":"<p>Karla Sof\u00eda Gasc\u00f3n, ster van de film Emilia P\u00e9rez die onlangs genomineerd werd voor de Oscars, moest haar excuses aanbieden na het opduiken van racistische en islamofobe tweets.<\/p>\n","protected":false},"author":2,"featured_media":0,"comment_status":"open","ping_status":"open","sticky":false,"template":"","format":"standard","meta":{"footnotes":""},"categories":[98,114,164],"tags":[610,609,165],"class_list":["post-6961","post","type-post","status-publish","format-standard","hentry","category-geen-onderdeel-van-een-categorie","category-nieuws","category-spanje","tag-islamofobe-uitspraken","tag-online-haat","tag-spanje"],"yoast_head":"<!-- This site is optimized with the Yoast SEO plugin v27.1.1 - https:\/\/yoast.com\/product\/yoast-seo-wordpress\/ -->\n<title>Karla Sof\u00eda Gasc\u00f3n: Islamofobe en racistische uitspraken voeden controverse voor de Oscars - Equitas<\/title>\n<meta name=\"robots\" content=\"index, follow, max-snippet:-1, max-image-preview:large, max-video-preview:-1\" \/>\n<link rel=\"canonical\" href=\"https:\/\/equitas.site\/nl\/karla-sofia-gascon-islamofobe-en-racistische-uitspraken-voeden-controverse-voor-de-oscars\/\" \/>\n<meta property=\"og:locale\" content=\"nl_NL\" \/>\n<meta property=\"og:type\" content=\"article\" \/>\n<meta property=\"og:title\" content=\"Karla Sof\u00eda Gasc\u00f3n: Islamofobe en racistische uitspraken voeden controverse voor de Oscars - Equitas\" \/>\n<meta property=\"og:description\" content=\"Karla Sof\u00eda Gasc\u00f3n, ster van de film Emilia P\u00e9rez die onlangs genomineerd werd voor de Oscars, moest haar excuses aanbieden na het opduiken van racistische en islamofobe tweets.\" \/>\n<meta property=\"og:url\" content=\"https:\/\/equitas.site\/nl\/karla-sofia-gascon-islamofobe-en-racistische-uitspraken-voeden-controverse-voor-de-oscars\/\" \/>\n<meta property=\"og:site_name\" content=\"Equitas\" \/>\n<meta property=\"article:published_time\" content=\"2025-02-04T14:22:11+00:00\" \/>\n<meta property=\"article:modified_time\" content=\"2025-05-06T11:01:41+00:00\" \/>\n<meta property=\"og:image\" content=\"https:\/\/equitas.site\/wp-content\/uploads\/2025\/02\/Espagne-Karla-Sofia-Gascon-Des-propos-islamophobes-et-racistes-alimentent-la-polemique-avant-les-Oscars-1-1024x576.png\" \/>\n<meta name=\"author\" content=\"Equitas\" \/>\n<meta name=\"twitter:card\" content=\"summary_large_image\" \/>\n<meta name=\"twitter:label1\" content=\"Geschreven door\" \/>\n\t<meta name=\"twitter:data1\" content=\"Equitas\" \/>\n\t<meta name=\"twitter:label2\" content=\"Geschatte leestijd\" \/>\n\t<meta name=\"twitter:data2\" content=\"1 minuut\" \/>\n<script type=\"application\/ld+json\" class=\"yoast-schema-graph\">{\"@context\":\"https:\/\/schema.org\",\"@graph\":[{\"@type\":\"Article\",\"@id\":\"https:\/\/equitas.site\/nl\/karla-sofia-gascon-islamofobe-en-racistische-uitspraken-voeden-controverse-voor-de-oscars\/#article\",\"isPartOf\":{\"@id\":\"https:\/\/equitas.site\/nl\/karla-sofia-gascon-islamofobe-en-racistische-uitspraken-voeden-controverse-voor-de-oscars\/\"},\"author\":{\"name\":\"Equitas\",\"@id\":\"https:\/\/equitas.site\/#\/schema\/person\/dd7e17205703348c59742d137575de32\"},\"headline\":\"Karla Sof\u00eda Gasc\u00f3n: Islamofobe en racistische uitspraken voeden controverse voor de Oscars\",\"datePublished\":\"2025-02-04T14:22:11+00:00\",\"dateModified\":\"2025-05-06T11:01:41+00:00\",\"mainEntityOfPage\":{\"@id\":\"https:\/\/equitas.site\/nl\/karla-sofia-gascon-islamofobe-en-racistische-uitspraken-voeden-controverse-voor-de-oscars\/\"},\"wordCount\":212,\"commentCount\":0,\"publisher\":{\"@id\":\"https:\/\/equitas.site\/#organization\"},\"keywords\":[\"islamofobe uitspraken\",\"online haat\",\"Spanje\"],\"articleSection\":[\"Geen onderdeel van een categorie\",\"Nieuws\",\"Spanje\"],\"inLanguage\":\"nl-NL\",\"potentialAction\":[{\"@type\":\"CommentAction\",\"name\":\"Comment\",\"target\":[\"https:\/\/equitas.site\/nl\/karla-sofia-gascon-islamofobe-en-racistische-uitspraken-voeden-controverse-voor-de-oscars\/#respond\"]}]},{\"@type\":\"WebPage\",\"@id\":\"https:\/\/equitas.site\/nl\/karla-sofia-gascon-islamofobe-en-racistische-uitspraken-voeden-controverse-voor-de-oscars\/\",\"url\":\"https:\/\/equitas.site\/nl\/karla-sofia-gascon-islamofobe-en-racistische-uitspraken-voeden-controverse-voor-de-oscars\/\",\"name\":\"Karla Sof\u00eda Gasc\u00f3n: Islamofobe en racistische uitspraken voeden controverse voor de Oscars - Equitas\",\"isPartOf\":{\"@id\":\"https:\/\/equitas.site\/#website\"},\"datePublished\":\"2025-02-04T14:22:11+00:00\",\"dateModified\":\"2025-05-06T11:01:41+00:00\",\"breadcrumb\":{\"@id\":\"https:\/\/equitas.site\/nl\/karla-sofia-gascon-islamofobe-en-racistische-uitspraken-voeden-controverse-voor-de-oscars\/#breadcrumb\"},\"inLanguage\":\"nl-NL\",\"potentialAction\":[{\"@type\":\"ReadAction\",\"target\":[\"https:\/\/equitas.site\/nl\/karla-sofia-gascon-islamofobe-en-racistische-uitspraken-voeden-controverse-voor-de-oscars\/\"]}]},{\"@type\":\"BreadcrumbList\",\"@id\":\"https:\/\/equitas.site\/nl\/karla-sofia-gascon-islamofobe-en-racistische-uitspraken-voeden-controverse-voor-de-oscars\/#breadcrumb\",\"itemListElement\":[{\"@type\":\"ListItem\",\"position\":1,\"name\":\"Accueil\",\"item\":\"https:\/\/equitas.site\/da\/\"},{\"@type\":\"ListItem\",\"position\":2,\"name\":\"Karla Sof\u00eda Gasc\u00f3n: Islamofobe en racistische uitspraken voeden controverse voor de Oscars\"}]},{\"@type\":\"WebSite\",\"@id\":\"https:\/\/equitas.site\/#website\",\"url\":\"https:\/\/equitas.site\/\",\"name\":\"Equitas\",\"description\":\"Your shield against hate.\",\"publisher\":{\"@id\":\"https:\/\/equitas.site\/#organization\"},\"potentialAction\":[{\"@type\":\"SearchAction\",\"target\":{\"@type\":\"EntryPoint\",\"urlTemplate\":\"https:\/\/equitas.site\/?s={search_term_string}\"},\"query-input\":{\"@type\":\"PropertyValueSpecification\",\"valueRequired\":true,\"valueName\":\"search_term_string\"}}],\"inLanguage\":\"nl-NL\"},{\"@type\":\"Organization\",\"@id\":\"https:\/\/equitas.site\/#organization\",\"name\":\"Equitas\",\"url\":\"https:\/\/equitas.site\/\",\"logo\":{\"@type\":\"ImageObject\",\"inLanguage\":\"nl-NL\",\"@id\":\"https:\/\/equitas.site\/#\/schema\/logo\/image\/\",\"url\":\"https:\/\/equitas.site\/wp-content\/uploads\/2024\/03\/Groupe-2.png\",\"contentUrl\":\"https:\/\/equitas.site\/wp-content\/uploads\/2024\/03\/Groupe-2.png\",\"width\":188,\"height\":44,\"caption\":\"Equitas\"},\"image\":{\"@id\":\"https:\/\/equitas.site\/#\/schema\/logo\/image\/\"}},{\"@type\":\"Person\",\"@id\":\"https:\/\/equitas.site\/#\/schema\/person\/dd7e17205703348c59742d137575de32\",\"name\":\"Equitas\",\"image\":{\"@type\":\"ImageObject\",\"inLanguage\":\"nl-NL\",\"@id\":\"https:\/\/equitas.site\/#\/schema\/person\/image\/\",\"url\":\"https:\/\/secure.gravatar.com\/avatar\/?s=96&d=mm&r=g\",\"contentUrl\":\"https:\/\/secure.gravatar.com\/avatar\/?s=96&d=mm&r=g\",\"caption\":\"Equitas\"},\"url\":\"https:\/\/equitas.site\/nl\/author\/equitas\/\"}]}<\/script>\n<!-- \/ Yoast SEO plugin. -->","yoast_head_json":{"title":"Karla Sof\u00eda Gasc\u00f3n: Islamofobe en racistische uitspraken voeden controverse voor de Oscars - Equitas","robots":{"index":"index","follow":"follow","max-snippet":"max-snippet:-1","max-image-preview":"max-image-preview:large","max-video-preview":"max-video-preview:-1"},"canonical":"https:\/\/equitas.site\/nl\/karla-sofia-gascon-islamofobe-en-racistische-uitspraken-voeden-controverse-voor-de-oscars\/","og_locale":"nl_NL","og_type":"article","og_title":"Karla Sof\u00eda Gasc\u00f3n: Islamofobe en racistische uitspraken voeden controverse voor de Oscars - Equitas","og_description":"Karla Sof\u00eda Gasc\u00f3n, ster van de film Emilia P\u00e9rez die onlangs genomineerd werd voor de Oscars, moest haar excuses aanbieden na het opduiken van racistische en islamofobe tweets.","og_url":"https:\/\/equitas.site\/nl\/karla-sofia-gascon-islamofobe-en-racistische-uitspraken-voeden-controverse-voor-de-oscars\/","og_site_name":"Equitas","article_published_time":"2025-02-04T14:22:11+00:00","article_modified_time":"2025-05-06T11:01:41+00:00","og_image":[{"url":"https:\/\/equitas.site\/wp-content\/uploads\/2025\/02\/Espagne-Karla-Sofia-Gascon-Des-propos-islamophobes-et-racistes-alimentent-la-polemique-avant-les-Oscars-1-1024x576.png","type":"","width":"","height":""}],"author":"Equitas","twitter_card":"summary_large_image","twitter_misc":{"Geschreven door":"Equitas","Geschatte leestijd":"1 minuut"},"schema":{"@context":"https:\/\/schema.org","@graph":[{"@type":"Article","@id":"https:\/\/equitas.site\/nl\/karla-sofia-gascon-islamofobe-en-racistische-uitspraken-voeden-controverse-voor-de-oscars\/#article","isPartOf":{"@id":"https:\/\/equitas.site\/nl\/karla-sofia-gascon-islamofobe-en-racistische-uitspraken-voeden-controverse-voor-de-oscars\/"},"author":{"name":"Equitas","@id":"https:\/\/equitas.site\/#\/schema\/person\/dd7e17205703348c59742d137575de32"},"headline":"Karla Sof\u00eda Gasc\u00f3n: Islamofobe en racistische uitspraken voeden controverse voor de Oscars","datePublished":"2025-02-04T14:22:11+00:00","dateModified":"2025-05-06T11:01:41+00:00","mainEntityOfPage":{"@id":"https:\/\/equitas.site\/nl\/karla-sofia-gascon-islamofobe-en-racistische-uitspraken-voeden-controverse-voor-de-oscars\/"},"wordCount":212,"commentCount":0,"publisher":{"@id":"https:\/\/equitas.site\/#organization"},"keywords":["islamofobe uitspraken","online haat","Spanje"],"articleSection":["Geen onderdeel van een categorie","Nieuws","Spanje"],"inLanguage":"nl-NL","potentialAction":[{"@type":"CommentAction","name":"Comment","target":["https:\/\/equitas.site\/nl\/karla-sofia-gascon-islamofobe-en-racistische-uitspraken-voeden-controverse-voor-de-oscars\/#respond"]}]},{"@type":"WebPage","@id":"https:\/\/equitas.site\/nl\/karla-sofia-gascon-islamofobe-en-racistische-uitspraken-voeden-controverse-voor-de-oscars\/","url":"https:\/\/equitas.site\/nl\/karla-sofia-gascon-islamofobe-en-racistische-uitspraken-voeden-controverse-voor-de-oscars\/","name":"Karla Sof\u00eda Gasc\u00f3n: Islamofobe en racistische uitspraken voeden controverse voor de Oscars - Equitas","isPartOf":{"@id":"https:\/\/equitas.site\/#website"},"datePublished":"2025-02-04T14:22:11+00:00","dateModified":"2025-05-06T11:01:41+00:00","breadcrumb":{"@id":"https:\/\/equitas.site\/nl\/karla-sofia-gascon-islamofobe-en-racistische-uitspraken-voeden-controverse-voor-de-oscars\/#breadcrumb"},"inLanguage":"nl-NL","potentialAction":[{"@type":"ReadAction","target":["https:\/\/equitas.site\/nl\/karla-sofia-gascon-islamofobe-en-racistische-uitspraken-voeden-controverse-voor-de-oscars\/"]}]},{"@type":"BreadcrumbList","@id":"https:\/\/equitas.site\/nl\/karla-sofia-gascon-islamofobe-en-racistische-uitspraken-voeden-controverse-voor-de-oscars\/#breadcrumb","itemListElement":[{"@type":"ListItem","position":1,"name":"Accueil","item":"https:\/\/equitas.site\/da\/"},{"@type":"ListItem","position":2,"name":"Karla Sof\u00eda Gasc\u00f3n: Islamofobe en racistische uitspraken voeden controverse voor de Oscars"}]},{"@type":"WebSite","@id":"https:\/\/equitas.site\/#website","url":"https:\/\/equitas.site\/","name":"Equitas","description":"Your shield against hate.","publisher":{"@id":"https:\/\/equitas.site\/#organization"},"potentialAction":[{"@type":"SearchAction","target":{"@type":"EntryPoint","urlTemplate":"https:\/\/equitas.site\/?s={search_term_string}"},"query-input":{"@type":"PropertyValueSpecification","valueRequired":true,"valueName":"search_term_string"}}],"inLanguage":"nl-NL"},{"@type":"Organization","@id":"https:\/\/equitas.site\/#organization","name":"Equitas","url":"https:\/\/equitas.site\/","logo":{"@type":"ImageObject","inLanguage":"nl-NL","@id":"https:\/\/equitas.site\/#\/schema\/logo\/image\/","url":"https:\/\/equitas.site\/wp-content\/uploads\/2024\/03\/Groupe-2.png","contentUrl":"https:\/\/equitas.site\/wp-content\/uploads\/2024\/03\/Groupe-2.png","width":188,"height":44,"caption":"Equitas"},"image":{"@id":"https:\/\/equitas.site\/#\/schema\/logo\/image\/"}},{"@type":"Person","@id":"https:\/\/equitas.site\/#\/schema\/person\/dd7e17205703348c59742d137575de32","name":"Equitas","image":{"@type":"ImageObject","inLanguage":"nl-NL","@id":"https:\/\/equitas.site\/#\/schema\/person\/image\/","url":"https:\/\/secure.gravatar.com\/avatar\/?s=96&d=mm&r=g","contentUrl":"https:\/\/secure.gravatar.com\/avatar\/?s=96&d=mm&r=g","caption":"Equitas"},"url":"https:\/\/equitas.site\/nl\/author\/equitas\/"}]}},"_links":{"self":[{"href":"https:\/\/equitas.site\/nl\/wp-json\/wp\/v2\/posts\/6961","targetHints":{"allow":["GET"]}}],"collection":[{"href":"https:\/\/equitas.site\/nl\/wp-json\/wp\/v2\/posts"}],"about":[{"href":"https:\/\/equitas.site\/nl\/wp-json\/wp\/v2\/types\/post"}],"author":[{"embeddable":true,"href":"https:\/\/equitas.site\/nl\/wp-json\/wp\/v2\/users\/2"}],"replies":[{"embeddable":true,"href":"https:\/\/equitas.site\/nl\/wp-json\/wp\/v2\/comments?post=6961"}],"version-history":[{"count":1,"href":"https:\/\/equitas.site\/nl\/wp-json\/wp\/v2\/posts\/6961\/revisions"}],"predecessor-version":[{"id":6962,"href":"https:\/\/equitas.site\/nl\/wp-json\/wp\/v2\/posts\/6961\/revisions\/6962"}],"wp:attachment":[{"href":"https:\/\/equitas.site\/nl\/wp-json\/wp\/v2\/media?parent=6961"}],"wp:term":[{"taxonomy":"category","embeddable":true,"href":"https:\/\/equitas.site\/nl\/wp-json\/wp\/v2\/categories?post=6961"},{"taxonomy":"post_tag","embeddable":true,"href":"https:\/\/equitas.site\/nl\/wp-json\/wp\/v2\/tags?post=6961"}],"curies":[{"name":"wp","href":"https:\/\/api.w.org\/{rel}","templated":true}]}}