{"id":4208,"date":"2024-08-28T11:08:34","date_gmt":"2024-08-28T11:08:34","guid":{"rendered":"https:\/\/equitas.site\/acik-yuzme-kiyafetleri-giyen-uc-kadinin-remichteki-bir-yuzme-havuzuna-girisine-izin-verilmedi\/"},"modified":"2024-09-15T19:51:36","modified_gmt":"2024-09-15T19:51:36","slug":"acik-yuzme-kiyafetleri-giyen-uc-kadinin-remichteki-bir-yuzme-havuzuna-girisine-izin-verilmedi","status":"publish","type":"post","link":"https:\/\/equitas.site\/tr\/acik-yuzme-kiyafetleri-giyen-uc-kadinin-remichteki-bir-yuzme-havuzuna-girisine-izin-verilmedi\/","title":{"rendered":"A\u00e7\u0131k y\u00fczme k\u0131yafetleri giyen \u00fc\u00e7 kad\u0131n\u0131n Remich&#8217;teki bir y\u00fczme havuzuna giri\u015fine izin verilmedi"},"content":{"rendered":"\n<p>24 A\u011fustos 2024 tarihinde, a\u00e7\u0131k y\u00fczme k\u0131yafetleri giyen \u00fc\u00e7 kad\u0131n, k\u0131yafetlerinin yasad\u0131\u015f\u0131 oldu\u011funu iddia eden bir cankurtaran taraf\u0131ndan Remich&#8217;teki (L\u00fcksemburg&#8217;un g\u00fcneydo\u011fusunda bir kom\u00fcn) y\u00fczme havuzuna al\u0131nmam\u0131\u015ft\u0131r.<\/p>\n\n<p>Ancak L\u00fcksemburg&#8217;da halka a\u00e7\u0131k y\u00fczme alanlar\u0131nda a\u00e7\u0131k k\u0131yafetlerin giyilmesini yasaklayan bir mevzuat bulunmamakta ve bu konudaki karar her y\u00fczme alan\u0131na b\u0131rak\u0131lmaktad\u0131r.\nBu durum \u00fclke genelinde e\u015fitsizliklere ve eri\u015fimi reddedilenler i\u00e7in ayr\u0131mc\u0131l\u0131k hissine yol a\u00e7maktad\u0131r. <\/p>\n\n<p>Y\u00fczme k\u0131yafetinin uzunlu\u011funun, uzun y\u00fczme k\u0131yafetlerinin yasaklanmas\u0131n\u0131 hakl\u0131 g\u00f6stermek i\u00e7in s\u0131kl\u0131kla ba\u015fvurulan hijyen ve g\u00fcvenlik kriterleriyle hi\u00e7bir ilgisi olmad\u0131\u011f\u0131 g\u00f6z \u00f6n\u00fcnde bulundurularak, baz\u0131 kad\u0131nlar\u0131n d\u0131\u015fland\u0131\u011f\u0131 durumlardan ka\u00e7\u0131nmak i\u00e7in bu olas\u0131l\u0131k ulusal d\u00fczeyde standartla\u015ft\u0131r\u0131lmal\u0131d\u0131r.<\/p>\n","protected":false},"excerpt":{"rendered":"<p>24 A\u011fustos 2024 tarihinde, a\u00e7\u0131k y\u00fczme k\u0131yafetleri giyen \u00fc\u00e7 kad\u0131n, k\u0131yafetlerinin yasad\u0131\u015f\u0131 oldu\u011funu iddia eden bir cankurtaran taraf\u0131ndan Remich&#8217;teki (L\u00fcksemburg&#8217;un g\u00fcneydo\u011fusunda bir kom\u00fcn) y\u00fczme havuzuna al\u0131nmam\u0131\u015ft\u0131r. Ancak L\u00fcksemburg&#8217;da halka a\u00e7\u0131k y\u00fczme alanlar\u0131nda a\u00e7\u0131k k\u0131yafetlerin giyilmesini yasaklayan bir mevzuat bulunmamakta ve bu konudaki karar her y\u00fczme alan\u0131na b\u0131rak\u0131lmaktad\u0131r. Bu durum \u00fclke genelinde e\u015fitsizliklere ve eri\u015fimi reddedilenler [&hellip;]<\/p>\n","protected":false},"author":2,"featured_media":4210,"comment_status":"open","ping_status":"open","sticky":false,"template":"","format":"standard","meta":{"footnotes":""},"categories":[208,245],"tags":[246,247],"class_list":["post-4208","post","type-post","status-publish","format-standard","has-post-thumbnail","hentry","category-haberler","category-luksemburg","tag-burkini-tr","tag-luksemburg"],"yoast_head":"<!-- This site is optimized with the Yoast SEO plugin v27.1.1 - https:\/\/yoast.com\/product\/yoast-seo-wordpress\/ -->\n<title>A\u00e7\u0131k y\u00fczme k\u0131yafetleri giyen \u00fc\u00e7 kad\u0131n\u0131n Remich&#039;teki bir y\u00fczme havuzuna giri\u015fine izin verilmedi - Equitas<\/title>\n<meta name=\"robots\" content=\"index, follow, max-snippet:-1, max-image-preview:large, max-video-preview:-1\" \/>\n<link rel=\"canonical\" href=\"https:\/\/equitas.site\/tr\/acik-yuzme-kiyafetleri-giyen-uc-kadinin-remichteki-bir-yuzme-havuzuna-girisine-izin-verilmedi\/\" \/>\n<meta property=\"og:locale\" content=\"tr_TR\" \/>\n<meta property=\"og:type\" content=\"article\" \/>\n<meta property=\"og:title\" content=\"A\u00e7\u0131k y\u00fczme k\u0131yafetleri giyen \u00fc\u00e7 kad\u0131n\u0131n Remich&#039;teki bir y\u00fczme havuzuna giri\u015fine izin verilmedi - Equitas\" \/>\n<meta property=\"og:description\" content=\"24 A\u011fustos 2024 tarihinde, a\u00e7\u0131k y\u00fczme k\u0131yafetleri giyen \u00fc\u00e7 kad\u0131n, k\u0131yafetlerinin yasad\u0131\u015f\u0131 oldu\u011funu iddia eden bir cankurtaran taraf\u0131ndan Remich&#8217;teki (L\u00fcksemburg&#8217;un g\u00fcneydo\u011fusunda bir kom\u00fcn) y\u00fczme havuzuna al\u0131nmam\u0131\u015ft\u0131r. Ancak L\u00fcksemburg&#8217;da halka a\u00e7\u0131k y\u00fczme alanlar\u0131nda a\u00e7\u0131k k\u0131yafetlerin giyilmesini yasaklayan bir mevzuat bulunmamakta ve bu konudaki karar her y\u00fczme alan\u0131na b\u0131rak\u0131lmaktad\u0131r. Bu durum \u00fclke genelinde e\u015fitsizliklere ve eri\u015fimi reddedilenler [&hellip;]\" \/>\n<meta property=\"og:url\" content=\"https:\/\/equitas.site\/tr\/acik-yuzme-kiyafetleri-giyen-uc-kadinin-remichteki-bir-yuzme-havuzuna-girisine-izin-verilmedi\/\" \/>\n<meta property=\"og:site_name\" content=\"Equitas\" \/>\n<meta property=\"article:published_time\" content=\"2024-08-28T11:08:34+00:00\" \/>\n<meta property=\"article:modified_time\" content=\"2024-09-15T19:51:36+00:00\" \/>\n<meta property=\"og:image\" content=\"https:\/\/equitas.site\/wp-content\/uploads\/2024\/08\/Luxembourg-burkini.png\" \/>\n\t<meta property=\"og:image:width\" content=\"1280\" \/>\n\t<meta property=\"og:image:height\" content=\"720\" \/>\n\t<meta property=\"og:image:type\" content=\"image\/png\" \/>\n<meta name=\"author\" content=\"Equitas\" \/>\n<meta name=\"twitter:card\" content=\"summary_large_image\" \/>\n<meta name=\"twitter:label1\" content=\"Yazan:\" \/>\n\t<meta name=\"twitter:data1\" content=\"Equitas\" \/>\n\t<meta name=\"twitter:label2\" content=\"Tahmini okuma s\u00fcresi\" \/>\n\t<meta name=\"twitter:data2\" content=\"1 dakika\" \/>\n<script type=\"application\/ld+json\" class=\"yoast-schema-graph\">{\"@context\":\"https:\/\/schema.org\",\"@graph\":[{\"@type\":\"Article\",\"@id\":\"https:\/\/equitas.site\/tr\/acik-yuzme-kiyafetleri-giyen-uc-kadinin-remichteki-bir-yuzme-havuzuna-girisine-izin-verilmedi\/#article\",\"isPartOf\":{\"@id\":\"https:\/\/equitas.site\/tr\/acik-yuzme-kiyafetleri-giyen-uc-kadinin-remichteki-bir-yuzme-havuzuna-girisine-izin-verilmedi\/\"},\"author\":{\"name\":\"Equitas\",\"@id\":\"https:\/\/equitas.site\/#\/schema\/person\/dd7e17205703348c59742d137575de32\"},\"headline\":\"A\u00e7\u0131k y\u00fczme k\u0131yafetleri giyen \u00fc\u00e7 kad\u0131n\u0131n Remich&#8217;teki bir y\u00fczme havuzuna giri\u015fine izin verilmedi\",\"datePublished\":\"2024-08-28T11:08:34+00:00\",\"dateModified\":\"2024-09-15T19:51:36+00:00\",\"mainEntityOfPage\":{\"@id\":\"https:\/\/equitas.site\/tr\/acik-yuzme-kiyafetleri-giyen-uc-kadinin-remichteki-bir-yuzme-havuzuna-girisine-izin-verilmedi\/\"},\"wordCount\":176,\"commentCount\":0,\"publisher\":{\"@id\":\"https:\/\/equitas.site\/#organization\"},\"image\":{\"@id\":\"https:\/\/equitas.site\/tr\/acik-yuzme-kiyafetleri-giyen-uc-kadinin-remichteki-bir-yuzme-havuzuna-girisine-izin-verilmedi\/#primaryimage\"},\"thumbnailUrl\":\"https:\/\/equitas.site\/wp-content\/uploads\/2024\/08\/Luxembourg-burkini.png\",\"keywords\":[\"burkini\",\"L\u00dcKSEMBURG\"],\"articleSection\":[\"Haberler\",\"L\u00fcksemburg\"],\"inLanguage\":\"tr\",\"potentialAction\":[{\"@type\":\"CommentAction\",\"name\":\"Comment\",\"target\":[\"https:\/\/equitas.site\/tr\/acik-yuzme-kiyafetleri-giyen-uc-kadinin-remichteki-bir-yuzme-havuzuna-girisine-izin-verilmedi\/#respond\"]}]},{\"@type\":\"WebPage\",\"@id\":\"https:\/\/equitas.site\/tr\/acik-yuzme-kiyafetleri-giyen-uc-kadinin-remichteki-bir-yuzme-havuzuna-girisine-izin-verilmedi\/\",\"url\":\"https:\/\/equitas.site\/tr\/acik-yuzme-kiyafetleri-giyen-uc-kadinin-remichteki-bir-yuzme-havuzuna-girisine-izin-verilmedi\/\",\"name\":\"A\u00e7\u0131k y\u00fczme k\u0131yafetleri giyen \u00fc\u00e7 kad\u0131n\u0131n Remich'teki bir y\u00fczme havuzuna giri\u015fine izin verilmedi - Equitas\",\"isPartOf\":{\"@id\":\"https:\/\/equitas.site\/#website\"},\"primaryImageOfPage\":{\"@id\":\"https:\/\/equitas.site\/tr\/acik-yuzme-kiyafetleri-giyen-uc-kadinin-remichteki-bir-yuzme-havuzuna-girisine-izin-verilmedi\/#primaryimage\"},\"image\":{\"@id\":\"https:\/\/equitas.site\/tr\/acik-yuzme-kiyafetleri-giyen-uc-kadinin-remichteki-bir-yuzme-havuzuna-girisine-izin-verilmedi\/#primaryimage\"},\"thumbnailUrl\":\"https:\/\/equitas.site\/wp-content\/uploads\/2024\/08\/Luxembourg-burkini.png\",\"datePublished\":\"2024-08-28T11:08:34+00:00\",\"dateModified\":\"2024-09-15T19:51:36+00:00\",\"breadcrumb\":{\"@id\":\"https:\/\/equitas.site\/tr\/acik-yuzme-kiyafetleri-giyen-uc-kadinin-remichteki-bir-yuzme-havuzuna-girisine-izin-verilmedi\/#breadcrumb\"},\"inLanguage\":\"tr\",\"potentialAction\":[{\"@type\":\"ReadAction\",\"target\":[\"https:\/\/equitas.site\/tr\/acik-yuzme-kiyafetleri-giyen-uc-kadinin-remichteki-bir-yuzme-havuzuna-girisine-izin-verilmedi\/\"]}]},{\"@type\":\"ImageObject\",\"inLanguage\":\"tr\",\"@id\":\"https:\/\/equitas.site\/tr\/acik-yuzme-kiyafetleri-giyen-uc-kadinin-remichteki-bir-yuzme-havuzuna-girisine-izin-verilmedi\/#primaryimage\",\"url\":\"https:\/\/equitas.site\/wp-content\/uploads\/2024\/08\/Luxembourg-burkini.png\",\"contentUrl\":\"https:\/\/equitas.site\/wp-content\/uploads\/2024\/08\/Luxembourg-burkini.png\",\"width\":1280,\"height\":720},{\"@type\":\"BreadcrumbList\",\"@id\":\"https:\/\/equitas.site\/tr\/acik-yuzme-kiyafetleri-giyen-uc-kadinin-remichteki-bir-yuzme-havuzuna-girisine-izin-verilmedi\/#breadcrumb\",\"itemListElement\":[{\"@type\":\"ListItem\",\"position\":1,\"name\":\"Accueil\",\"item\":\"https:\/\/equitas.site\/da\/\"},{\"@type\":\"ListItem\",\"position\":2,\"name\":\"A\u00e7\u0131k y\u00fczme k\u0131yafetleri giyen \u00fc\u00e7 kad\u0131n\u0131n Remich&#8217;teki bir y\u00fczme havuzuna giri\u015fine izin verilmedi\"}]},{\"@type\":\"WebSite\",\"@id\":\"https:\/\/equitas.site\/#website\",\"url\":\"https:\/\/equitas.site\/\",\"name\":\"Equitas\",\"description\":\"Your shield against hate.\",\"publisher\":{\"@id\":\"https:\/\/equitas.site\/#organization\"},\"potentialAction\":[{\"@type\":\"SearchAction\",\"target\":{\"@type\":\"EntryPoint\",\"urlTemplate\":\"https:\/\/equitas.site\/?s={search_term_string}\"},\"query-input\":{\"@type\":\"PropertyValueSpecification\",\"valueRequired\":true,\"valueName\":\"search_term_string\"}}],\"inLanguage\":\"tr\"},{\"@type\":\"Organization\",\"@id\":\"https:\/\/equitas.site\/#organization\",\"name\":\"Equitas\",\"url\":\"https:\/\/equitas.site\/\",\"logo\":{\"@type\":\"ImageObject\",\"inLanguage\":\"tr\",\"@id\":\"https:\/\/equitas.site\/#\/schema\/logo\/image\/\",\"url\":\"https:\/\/equitas.site\/wp-content\/uploads\/2024\/03\/Groupe-2.png\",\"contentUrl\":\"https:\/\/equitas.site\/wp-content\/uploads\/2024\/03\/Groupe-2.png\",\"width\":188,\"height\":44,\"caption\":\"Equitas\"},\"image\":{\"@id\":\"https:\/\/equitas.site\/#\/schema\/logo\/image\/\"}},{\"@type\":\"Person\",\"@id\":\"https:\/\/equitas.site\/#\/schema\/person\/dd7e17205703348c59742d137575de32\",\"name\":\"Equitas\",\"image\":{\"@type\":\"ImageObject\",\"inLanguage\":\"tr\",\"@id\":\"https:\/\/equitas.site\/#\/schema\/person\/image\/\",\"url\":\"https:\/\/secure.gravatar.com\/avatar\/?s=96&d=mm&r=g\",\"contentUrl\":\"https:\/\/secure.gravatar.com\/avatar\/?s=96&d=mm&r=g\",\"caption\":\"Equitas\"},\"url\":\"https:\/\/equitas.site\/tr\/author\/equitas\/\"}]}<\/script>\n<!-- \/ Yoast SEO plugin. -->","yoast_head_json":{"title":"A\u00e7\u0131k y\u00fczme k\u0131yafetleri giyen \u00fc\u00e7 kad\u0131n\u0131n Remich'teki bir y\u00fczme havuzuna giri\u015fine izin verilmedi - Equitas","robots":{"index":"index","follow":"follow","max-snippet":"max-snippet:-1","max-image-preview":"max-image-preview:large","max-video-preview":"max-video-preview:-1"},"canonical":"https:\/\/equitas.site\/tr\/acik-yuzme-kiyafetleri-giyen-uc-kadinin-remichteki-bir-yuzme-havuzuna-girisine-izin-verilmedi\/","og_locale":"tr_TR","og_type":"article","og_title":"A\u00e7\u0131k y\u00fczme k\u0131yafetleri giyen \u00fc\u00e7 kad\u0131n\u0131n Remich'teki bir y\u00fczme havuzuna giri\u015fine izin verilmedi - Equitas","og_description":"24 A\u011fustos 2024 tarihinde, a\u00e7\u0131k y\u00fczme k\u0131yafetleri giyen \u00fc\u00e7 kad\u0131n, k\u0131yafetlerinin yasad\u0131\u015f\u0131 oldu\u011funu iddia eden bir cankurtaran taraf\u0131ndan Remich&#8217;teki (L\u00fcksemburg&#8217;un g\u00fcneydo\u011fusunda bir kom\u00fcn) y\u00fczme havuzuna al\u0131nmam\u0131\u015ft\u0131r. Ancak L\u00fcksemburg&#8217;da halka a\u00e7\u0131k y\u00fczme alanlar\u0131nda a\u00e7\u0131k k\u0131yafetlerin giyilmesini yasaklayan bir mevzuat bulunmamakta ve bu konudaki karar her y\u00fczme alan\u0131na b\u0131rak\u0131lmaktad\u0131r. Bu durum \u00fclke genelinde e\u015fitsizliklere ve eri\u015fimi reddedilenler [&hellip;]","og_url":"https:\/\/equitas.site\/tr\/acik-yuzme-kiyafetleri-giyen-uc-kadinin-remichteki-bir-yuzme-havuzuna-girisine-izin-verilmedi\/","og_site_name":"Equitas","article_published_time":"2024-08-28T11:08:34+00:00","article_modified_time":"2024-09-15T19:51:36+00:00","og_image":[{"width":1280,"height":720,"url":"https:\/\/equitas.site\/wp-content\/uploads\/2024\/08\/Luxembourg-burkini.png","type":"image\/png"}],"author":"Equitas","twitter_card":"summary_large_image","twitter_misc":{"Yazan:":"Equitas","Tahmini okuma s\u00fcresi":"1 dakika"},"schema":{"@context":"https:\/\/schema.org","@graph":[{"@type":"Article","@id":"https:\/\/equitas.site\/tr\/acik-yuzme-kiyafetleri-giyen-uc-kadinin-remichteki-bir-yuzme-havuzuna-girisine-izin-verilmedi\/#article","isPartOf":{"@id":"https:\/\/equitas.site\/tr\/acik-yuzme-kiyafetleri-giyen-uc-kadinin-remichteki-bir-yuzme-havuzuna-girisine-izin-verilmedi\/"},"author":{"name":"Equitas","@id":"https:\/\/equitas.site\/#\/schema\/person\/dd7e17205703348c59742d137575de32"},"headline":"A\u00e7\u0131k y\u00fczme k\u0131yafetleri giyen \u00fc\u00e7 kad\u0131n\u0131n Remich&#8217;teki bir y\u00fczme havuzuna giri\u015fine izin verilmedi","datePublished":"2024-08-28T11:08:34+00:00","dateModified":"2024-09-15T19:51:36+00:00","mainEntityOfPage":{"@id":"https:\/\/equitas.site\/tr\/acik-yuzme-kiyafetleri-giyen-uc-kadinin-remichteki-bir-yuzme-havuzuna-girisine-izin-verilmedi\/"},"wordCount":176,"commentCount":0,"publisher":{"@id":"https:\/\/equitas.site\/#organization"},"image":{"@id":"https:\/\/equitas.site\/tr\/acik-yuzme-kiyafetleri-giyen-uc-kadinin-remichteki-bir-yuzme-havuzuna-girisine-izin-verilmedi\/#primaryimage"},"thumbnailUrl":"https:\/\/equitas.site\/wp-content\/uploads\/2024\/08\/Luxembourg-burkini.png","keywords":["burkini","L\u00dcKSEMBURG"],"articleSection":["Haberler","L\u00fcksemburg"],"inLanguage":"tr","potentialAction":[{"@type":"CommentAction","name":"Comment","target":["https:\/\/equitas.site\/tr\/acik-yuzme-kiyafetleri-giyen-uc-kadinin-remichteki-bir-yuzme-havuzuna-girisine-izin-verilmedi\/#respond"]}]},{"@type":"WebPage","@id":"https:\/\/equitas.site\/tr\/acik-yuzme-kiyafetleri-giyen-uc-kadinin-remichteki-bir-yuzme-havuzuna-girisine-izin-verilmedi\/","url":"https:\/\/equitas.site\/tr\/acik-yuzme-kiyafetleri-giyen-uc-kadinin-remichteki-bir-yuzme-havuzuna-girisine-izin-verilmedi\/","name":"A\u00e7\u0131k y\u00fczme k\u0131yafetleri giyen \u00fc\u00e7 kad\u0131n\u0131n Remich'teki bir y\u00fczme havuzuna giri\u015fine izin verilmedi - Equitas","isPartOf":{"@id":"https:\/\/equitas.site\/#website"},"primaryImageOfPage":{"@id":"https:\/\/equitas.site\/tr\/acik-yuzme-kiyafetleri-giyen-uc-kadinin-remichteki-bir-yuzme-havuzuna-girisine-izin-verilmedi\/#primaryimage"},"image":{"@id":"https:\/\/equitas.site\/tr\/acik-yuzme-kiyafetleri-giyen-uc-kadinin-remichteki-bir-yuzme-havuzuna-girisine-izin-verilmedi\/#primaryimage"},"thumbnailUrl":"https:\/\/equitas.site\/wp-content\/uploads\/2024\/08\/Luxembourg-burkini.png","datePublished":"2024-08-28T11:08:34+00:00","dateModified":"2024-09-15T19:51:36+00:00","breadcrumb":{"@id":"https:\/\/equitas.site\/tr\/acik-yuzme-kiyafetleri-giyen-uc-kadinin-remichteki-bir-yuzme-havuzuna-girisine-izin-verilmedi\/#breadcrumb"},"inLanguage":"tr","potentialAction":[{"@type":"ReadAction","target":["https:\/\/equitas.site\/tr\/acik-yuzme-kiyafetleri-giyen-uc-kadinin-remichteki-bir-yuzme-havuzuna-girisine-izin-verilmedi\/"]}]},{"@type":"ImageObject","inLanguage":"tr","@id":"https:\/\/equitas.site\/tr\/acik-yuzme-kiyafetleri-giyen-uc-kadinin-remichteki-bir-yuzme-havuzuna-girisine-izin-verilmedi\/#primaryimage","url":"https:\/\/equitas.site\/wp-content\/uploads\/2024\/08\/Luxembourg-burkini.png","contentUrl":"https:\/\/equitas.site\/wp-content\/uploads\/2024\/08\/Luxembourg-burkini.png","width":1280,"height":720},{"@type":"BreadcrumbList","@id":"https:\/\/equitas.site\/tr\/acik-yuzme-kiyafetleri-giyen-uc-kadinin-remichteki-bir-yuzme-havuzuna-girisine-izin-verilmedi\/#breadcrumb","itemListElement":[{"@type":"ListItem","position":1,"name":"Accueil","item":"https:\/\/equitas.site\/da\/"},{"@type":"ListItem","position":2,"name":"A\u00e7\u0131k y\u00fczme k\u0131yafetleri giyen \u00fc\u00e7 kad\u0131n\u0131n Remich&#8217;teki bir y\u00fczme havuzuna giri\u015fine izin verilmedi"}]},{"@type":"WebSite","@id":"https:\/\/equitas.site\/#website","url":"https:\/\/equitas.site\/","name":"Equitas","description":"Your shield against hate.","publisher":{"@id":"https:\/\/equitas.site\/#organization"},"potentialAction":[{"@type":"SearchAction","target":{"@type":"EntryPoint","urlTemplate":"https:\/\/equitas.site\/?s={search_term_string}"},"query-input":{"@type":"PropertyValueSpecification","valueRequired":true,"valueName":"search_term_string"}}],"inLanguage":"tr"},{"@type":"Organization","@id":"https:\/\/equitas.site\/#organization","name":"Equitas","url":"https:\/\/equitas.site\/","logo":{"@type":"ImageObject","inLanguage":"tr","@id":"https:\/\/equitas.site\/#\/schema\/logo\/image\/","url":"https:\/\/equitas.site\/wp-content\/uploads\/2024\/03\/Groupe-2.png","contentUrl":"https:\/\/equitas.site\/wp-content\/uploads\/2024\/03\/Groupe-2.png","width":188,"height":44,"caption":"Equitas"},"image":{"@id":"https:\/\/equitas.site\/#\/schema\/logo\/image\/"}},{"@type":"Person","@id":"https:\/\/equitas.site\/#\/schema\/person\/dd7e17205703348c59742d137575de32","name":"Equitas","image":{"@type":"ImageObject","inLanguage":"tr","@id":"https:\/\/equitas.site\/#\/schema\/person\/image\/","url":"https:\/\/secure.gravatar.com\/avatar\/?s=96&d=mm&r=g","contentUrl":"https:\/\/secure.gravatar.com\/avatar\/?s=96&d=mm&r=g","caption":"Equitas"},"url":"https:\/\/equitas.site\/tr\/author\/equitas\/"}]}},"_links":{"self":[{"href":"https:\/\/equitas.site\/tr\/wp-json\/wp\/v2\/posts\/4208","targetHints":{"allow":["GET"]}}],"collection":[{"href":"https:\/\/equitas.site\/tr\/wp-json\/wp\/v2\/posts"}],"about":[{"href":"https:\/\/equitas.site\/tr\/wp-json\/wp\/v2\/types\/post"}],"author":[{"embeddable":true,"href":"https:\/\/equitas.site\/tr\/wp-json\/wp\/v2\/users\/2"}],"replies":[{"embeddable":true,"href":"https:\/\/equitas.site\/tr\/wp-json\/wp\/v2\/comments?post=4208"}],"version-history":[{"count":1,"href":"https:\/\/equitas.site\/tr\/wp-json\/wp\/v2\/posts\/4208\/revisions"}],"predecessor-version":[{"id":4212,"href":"https:\/\/equitas.site\/tr\/wp-json\/wp\/v2\/posts\/4208\/revisions\/4212"}],"wp:featuredmedia":[{"embeddable":true,"href":"https:\/\/equitas.site\/tr\/wp-json\/wp\/v2\/media\/4210"}],"wp:attachment":[{"href":"https:\/\/equitas.site\/tr\/wp-json\/wp\/v2\/media?parent=4208"}],"wp:term":[{"taxonomy":"category","embeddable":true,"href":"https:\/\/equitas.site\/tr\/wp-json\/wp\/v2\/categories?post=4208"},{"taxonomy":"post_tag","embeddable":true,"href":"https:\/\/equitas.site\/tr\/wp-json\/wp\/v2\/tags?post=4208"}],"curies":[{"name":"wp","href":"https:\/\/api.w.org\/{rel}","templated":true}]}}