{"id":4209,"date":"2024-08-28T07:46:35","date_gmt":"2024-08-28T07:46:35","guid":{"rendered":"https:\/\/equitas.site\/bir-sinagog-yakininda-cikan-yangin-fransiz-hukumetinin-cifte-standardini-gozler-onune-serdi\/"},"modified":"2024-09-15T19:51:36","modified_gmt":"2024-09-15T19:51:36","slug":"bir-sinagog-yakininda-cikan-yangin-fransiz-hukumetinin-cifte-standardini-gozler-onune-serdi","status":"publish","type":"post","link":"https:\/\/equitas.site\/tr\/bir-sinagog-yakininda-cikan-yangin-fransiz-hukumetinin-cifte-standardini-gozler-onune-serdi\/","title":{"rendered":"Bir sinagog yak\u0131n\u0131nda \u00e7\u0131kan yang\u0131n Frans\u0131z h\u00fck\u00fcmetinin \u00e7ifte standard\u0131n\u0131 g\u00f6zler \u00f6n\u00fcne serdi"},"content":{"rendered":"\n<p>24 A\u011fustos 2024 ak\u015fam\u0131 bir ki\u015fi Fransa&#8217;n\u0131n g\u00fcneybat\u0131s\u0131ndaki La-Grande-Motte sinagogu yak\u0131nlar\u0131nda birka\u00e7 arac\u0131 ate\u015fe vermi\u015ftir (34).<\/p>\n\n<p>Bunun \u00fczerine s\u0131ras\u0131yla Ba\u015fbakan Gabriel Attal ve \u0130\u00e7i\u015fleri Bakan\u0131 G\u00e9rald Darmanin olay yerine giderek iki y\u00fcz polis ve jandarmay\u0131 harekete ge\u00e7irdi.<\/p>\n\n<p>2024 y\u0131l\u0131nda Collectif contre l&#8217;islamophobie en Europe (CCIE) (Avrupa&#8217;da \u0130slamofobiye Kar\u015f\u0131 Kolektif) camilere y\u00f6nelik benzer bir d\u00fczine sald\u0131r\u0131 sayd\u0131, ancak h\u00fck\u00fcmet \u00fcyeleri en ufak bir tepki g\u00f6stermedi.\nEn iyi ihtimalle G. Darmanin&#8217;den sald\u0131r\u0131lar\u0131 k\u0131nayan bir tweet geldi.\n\u00d6rne\u011fin, 13 Ocak 2024 tarihinde bir adam Morlaix camisini sabah namaz\u0131 s\u0131ras\u0131nda, ibadet edenler i\u00e7erideyken ate\u015fe vermi\u015ftir.<sup data-fn=\"\" class=\"fn\"><a href=\"\" id=\"ab7e7bec-77f0-4978-a025-5257763b040a-link\">1<\/a><\/sup>.  <\/p>\n\n<p>CCIE sosyal a\u011flarda, Fransa&#8217;da ibadethanelerin korunmas\u0131ndaki farkl\u0131 muameleyi k\u0131namakta ve h\u00fck\u00fcmeti ayr\u0131m g\u00f6zetmeksizin t\u00fcm dini yap\u0131lar\u0131 korumaya \u00e7a\u011f\u0131rmaktad\u0131r<sup data-fn=\"6fd1d40a-77d5-44bc-924a-269f2881c1b8\" class=\"fn\"><a href=\"#6fd1d40a-77d5-44bc-924a-269f2881c1b8\" id=\"6fd1d40a-77d5-44bc-924a-269f2881c1b8-link\">2<\/a><\/sup>.<\/p>\n<ol class=\"wp-block-footnotes\"><li id=\"ab7e7bec-77f0-4978-a025-5257763b040a\">Morlaix camisine bombal\u0131 sald\u0131r\u0131 giri\u015fimi.\nBir \u015f\u00fcpheli g\u00f6zalt\u0131na al\u0131nd\u0131.   <a href=\"https:\/\/france3-regions.francetvinfo.fr\/bretagne\/finistere\/morlaix\/tentative-d-incendie-de-la-mosquee-de-morlaix-un-suspect-place-en-garde-a-vue-2909171.html\">https:\/\/france3-regions.francetvinfo.fr\/bretagne\/finistere\/morlaix\/tentative-d-incendie-de-la-mosquee-de-morlaix-un-suspect-place-en-garde-a-vue-2909171.html<\/a> <a href=\"#ab7e7bec-77f0-4978-a025-5257763b040a-link\" aria-label=\"Dipnot ba\u015fvurusuna atla 1\">\u21a9\ufe0e<\/a><\/li><li id=\"6fd1d40a-77d5-44bc-924a-269f2881c1b8\"><a href=\"https:\/\/x.com\/CCIEurope\/status\/1828371594932027769\">https:\/\/x.com\/CCIEurope\/status\/1828371594932027769<\/a> <a href=\"#6fd1d40a-77d5-44bc-924a-269f2881c1b8-link\" aria-label=\"Dipnot ba\u015fvurusuna atla 2\">\u21a9\ufe0e<\/a><\/li><\/ol>\n<p><\/p>\n","protected":false},"excerpt":{"rendered":"<p>24 A\u011fustos 2024 ak\u015fam\u0131 bir ki\u015fi Fransa&#8217;n\u0131n g\u00fcneybat\u0131s\u0131ndaki La-Grande-Motte sinagogu yak\u0131nlar\u0131nda birka\u00e7 arac\u0131 ate\u015fe vermi\u015ftir (34). Bunun \u00fczerine s\u0131ras\u0131yla Ba\u015fbakan Gabriel Attal ve \u0130\u00e7i\u015fleri Bakan\u0131 G\u00e9rald Darmanin olay yerine giderek iki y\u00fcz polis ve jandarmay\u0131 harekete ge\u00e7irdi. 2024 y\u0131l\u0131nda Collectif contre l&#8217;islamophobie en Europe (CCIE) (Avrupa&#8217;da \u0130slamofobiye Kar\u015f\u0131 Kolektif) camilere y\u00f6nelik benzer bir d\u00fczine sald\u0131r\u0131 [&hellip;]<\/p>\n","protected":false},"author":2,"featured_media":4211,"comment_status":"open","ping_status":"open","sticky":false,"template":"","format":"standard","meta":{"footnotes":"[{\"content\":\"Morlaix camisine bombal\\u0131 sald\\u0131r\\u0131 giri\\u015fimi.\\nBir \\u015f\\u00fcpheli g\\u00f6zalt\\u0131na al\\u0131nd\\u0131.   <a href=\\\"https:\\\/\\\/france3-regions.francetvinfo.fr\\\/bretagne\\\/finistere\\\/morlaix\\\/tentative-d-incendie-de-la-mosquee-de-morlaix-un-suspect-place-en-garde-a-vue-2909171.html\\\">https:\\\/\\\/france3-regions.francetvinfo.fr\\\/bretagne\\\/finistere\\\/morlaix\\\/tentative-d-incendie-de-la-mosquee-de-morlaix-un-suspect-place-en-garde-a-vue-2909171.html<\\\/a>\",\"id\":\"ab7e7bec-77f0-4978-a025-5257763b040a\"},{\"content\":\"<a href=\\\"https:\\\/\\\/x.com\\\/CCIEurope\\\/status\\\/1828371594932027769\\\">https:\\\/\\\/x.com\\\/CCIEurope\\\/status\\\/1828371594932027769<\\\/a>\",\"id\":\"6fd1d40a-77d5-44bc-924a-269f2881c1b8\"}]"},"categories":[209,208],"tags":[210,248],"class_list":["post-4209","post","type-post","status-publish","format-standard","has-post-thumbnail","hentry","category-fransa","category-haberler","tag-fransa","tag-sinagog"],"yoast_head":"<!-- This site is optimized with the Yoast SEO plugin v27.1.1 - https:\/\/yoast.com\/product\/yoast-seo-wordpress\/ -->\n<title>Bir sinagog yak\u0131n\u0131nda \u00e7\u0131kan yang\u0131n Frans\u0131z h\u00fck\u00fcmetinin \u00e7ifte standard\u0131n\u0131 g\u00f6zler \u00f6n\u00fcne serdi - Equitas<\/title>\n<meta name=\"robots\" content=\"index, follow, max-snippet:-1, max-image-preview:large, max-video-preview:-1\" \/>\n<link rel=\"canonical\" href=\"https:\/\/equitas.site\/tr\/bir-sinagog-yakininda-cikan-yangin-fransiz-hukumetinin-cifte-standardini-gozler-onune-serdi\/\" \/>\n<meta property=\"og:locale\" content=\"tr_TR\" \/>\n<meta property=\"og:type\" content=\"article\" \/>\n<meta property=\"og:title\" content=\"Bir sinagog yak\u0131n\u0131nda \u00e7\u0131kan yang\u0131n Frans\u0131z h\u00fck\u00fcmetinin \u00e7ifte standard\u0131n\u0131 g\u00f6zler \u00f6n\u00fcne serdi - Equitas\" \/>\n<meta property=\"og:description\" content=\"24 A\u011fustos 2024 ak\u015fam\u0131 bir ki\u015fi Fransa&#8217;n\u0131n g\u00fcneybat\u0131s\u0131ndaki La-Grande-Motte sinagogu yak\u0131nlar\u0131nda birka\u00e7 arac\u0131 ate\u015fe vermi\u015ftir (34). Bunun \u00fczerine s\u0131ras\u0131yla Ba\u015fbakan Gabriel Attal ve \u0130\u00e7i\u015fleri Bakan\u0131 G\u00e9rald Darmanin olay yerine giderek iki y\u00fcz polis ve jandarmay\u0131 harekete ge\u00e7irdi. 2024 y\u0131l\u0131nda Collectif contre l&#8217;islamophobie en Europe (CCIE) (Avrupa&#8217;da \u0130slamofobiye Kar\u015f\u0131 Kolektif) camilere y\u00f6nelik benzer bir d\u00fczine sald\u0131r\u0131 [&hellip;]\" \/>\n<meta property=\"og:url\" content=\"https:\/\/equitas.site\/tr\/bir-sinagog-yakininda-cikan-yangin-fransiz-hukumetinin-cifte-standardini-gozler-onune-serdi\/\" \/>\n<meta property=\"og:site_name\" content=\"Equitas\" \/>\n<meta property=\"article:published_time\" content=\"2024-08-28T07:46:35+00:00\" \/>\n<meta property=\"article:modified_time\" content=\"2024-09-15T19:51:36+00:00\" \/>\n<meta property=\"og:image\" content=\"https:\/\/equitas.site\/wp-content\/uploads\/2024\/08\/France-Un-incendie-pres-dune-synagogue-revele-le-deux-poids-deux-mesures-du-gouvernement-francais.png\" \/>\n\t<meta property=\"og:image:width\" content=\"1280\" \/>\n\t<meta property=\"og:image:height\" content=\"720\" \/>\n\t<meta property=\"og:image:type\" content=\"image\/png\" \/>\n<meta name=\"author\" content=\"Equitas\" \/>\n<meta name=\"twitter:card\" content=\"summary_large_image\" \/>\n<meta name=\"twitter:label1\" content=\"Yazan:\" \/>\n\t<meta name=\"twitter:data1\" content=\"Equitas\" \/>\n\t<meta name=\"twitter:label2\" content=\"Tahmini okuma s\u00fcresi\" \/>\n\t<meta name=\"twitter:data2\" content=\"1 dakika\" \/>\n<script type=\"application\/ld+json\" class=\"yoast-schema-graph\">{\"@context\":\"https:\/\/schema.org\",\"@graph\":[{\"@type\":\"Article\",\"@id\":\"https:\/\/equitas.site\/tr\/bir-sinagog-yakininda-cikan-yangin-fransiz-hukumetinin-cifte-standardini-gozler-onune-serdi\/#article\",\"isPartOf\":{\"@id\":\"https:\/\/equitas.site\/tr\/bir-sinagog-yakininda-cikan-yangin-fransiz-hukumetinin-cifte-standardini-gozler-onune-serdi\/\"},\"author\":{\"name\":\"Equitas\",\"@id\":\"https:\/\/equitas.site\/#\/schema\/person\/dd7e17205703348c59742d137575de32\"},\"headline\":\"Bir sinagog yak\u0131n\u0131nda \u00e7\u0131kan yang\u0131n Frans\u0131z h\u00fck\u00fcmetinin \u00e7ifte standard\u0131n\u0131 g\u00f6zler \u00f6n\u00fcne serdi\",\"datePublished\":\"2024-08-28T07:46:35+00:00\",\"dateModified\":\"2024-09-15T19:51:36+00:00\",\"mainEntityOfPage\":{\"@id\":\"https:\/\/equitas.site\/tr\/bir-sinagog-yakininda-cikan-yangin-fransiz-hukumetinin-cifte-standardini-gozler-onune-serdi\/\"},\"wordCount\":175,\"commentCount\":0,\"publisher\":{\"@id\":\"https:\/\/equitas.site\/#organization\"},\"image\":{\"@id\":\"https:\/\/equitas.site\/tr\/bir-sinagog-yakininda-cikan-yangin-fransiz-hukumetinin-cifte-standardini-gozler-onune-serdi\/#primaryimage\"},\"thumbnailUrl\":\"https:\/\/equitas.site\/wp-content\/uploads\/2024\/08\/France-Un-incendie-pres-dune-synagogue-revele-le-deux-poids-deux-mesures-du-gouvernement-francais.png\",\"keywords\":[\"FRANSA\",\"S\u0130NAGOG\"],\"articleSection\":[\"Fransa\",\"Haberler\"],\"inLanguage\":\"tr\",\"potentialAction\":[{\"@type\":\"CommentAction\",\"name\":\"Comment\",\"target\":[\"https:\/\/equitas.site\/tr\/bir-sinagog-yakininda-cikan-yangin-fransiz-hukumetinin-cifte-standardini-gozler-onune-serdi\/#respond\"]}]},{\"@type\":\"WebPage\",\"@id\":\"https:\/\/equitas.site\/tr\/bir-sinagog-yakininda-cikan-yangin-fransiz-hukumetinin-cifte-standardini-gozler-onune-serdi\/\",\"url\":\"https:\/\/equitas.site\/tr\/bir-sinagog-yakininda-cikan-yangin-fransiz-hukumetinin-cifte-standardini-gozler-onune-serdi\/\",\"name\":\"Bir sinagog yak\u0131n\u0131nda \u00e7\u0131kan yang\u0131n Frans\u0131z h\u00fck\u00fcmetinin \u00e7ifte standard\u0131n\u0131 g\u00f6zler \u00f6n\u00fcne serdi - Equitas\",\"isPartOf\":{\"@id\":\"https:\/\/equitas.site\/#website\"},\"primaryImageOfPage\":{\"@id\":\"https:\/\/equitas.site\/tr\/bir-sinagog-yakininda-cikan-yangin-fransiz-hukumetinin-cifte-standardini-gozler-onune-serdi\/#primaryimage\"},\"image\":{\"@id\":\"https:\/\/equitas.site\/tr\/bir-sinagog-yakininda-cikan-yangin-fransiz-hukumetinin-cifte-standardini-gozler-onune-serdi\/#primaryimage\"},\"thumbnailUrl\":\"https:\/\/equitas.site\/wp-content\/uploads\/2024\/08\/France-Un-incendie-pres-dune-synagogue-revele-le-deux-poids-deux-mesures-du-gouvernement-francais.png\",\"datePublished\":\"2024-08-28T07:46:35+00:00\",\"dateModified\":\"2024-09-15T19:51:36+00:00\",\"breadcrumb\":{\"@id\":\"https:\/\/equitas.site\/tr\/bir-sinagog-yakininda-cikan-yangin-fransiz-hukumetinin-cifte-standardini-gozler-onune-serdi\/#breadcrumb\"},\"inLanguage\":\"tr\",\"potentialAction\":[{\"@type\":\"ReadAction\",\"target\":[\"https:\/\/equitas.site\/tr\/bir-sinagog-yakininda-cikan-yangin-fransiz-hukumetinin-cifte-standardini-gozler-onune-serdi\/\"]}]},{\"@type\":\"ImageObject\",\"inLanguage\":\"tr\",\"@id\":\"https:\/\/equitas.site\/tr\/bir-sinagog-yakininda-cikan-yangin-fransiz-hukumetinin-cifte-standardini-gozler-onune-serdi\/#primaryimage\",\"url\":\"https:\/\/equitas.site\/wp-content\/uploads\/2024\/08\/France-Un-incendie-pres-dune-synagogue-revele-le-deux-poids-deux-mesures-du-gouvernement-francais.png\",\"contentUrl\":\"https:\/\/equitas.site\/wp-content\/uploads\/2024\/08\/France-Un-incendie-pres-dune-synagogue-revele-le-deux-poids-deux-mesures-du-gouvernement-francais.png\",\"width\":1280,\"height\":720},{\"@type\":\"BreadcrumbList\",\"@id\":\"https:\/\/equitas.site\/tr\/bir-sinagog-yakininda-cikan-yangin-fransiz-hukumetinin-cifte-standardini-gozler-onune-serdi\/#breadcrumb\",\"itemListElement\":[{\"@type\":\"ListItem\",\"position\":1,\"name\":\"Accueil\",\"item\":\"https:\/\/equitas.site\/da\/\"},{\"@type\":\"ListItem\",\"position\":2,\"name\":\"Bir sinagog yak\u0131n\u0131nda \u00e7\u0131kan yang\u0131n Frans\u0131z h\u00fck\u00fcmetinin \u00e7ifte standard\u0131n\u0131 g\u00f6zler \u00f6n\u00fcne serdi\"}]},{\"@type\":\"WebSite\",\"@id\":\"https:\/\/equitas.site\/#website\",\"url\":\"https:\/\/equitas.site\/\",\"name\":\"Equitas\",\"description\":\"Your shield against hate.\",\"publisher\":{\"@id\":\"https:\/\/equitas.site\/#organization\"},\"potentialAction\":[{\"@type\":\"SearchAction\",\"target\":{\"@type\":\"EntryPoint\",\"urlTemplate\":\"https:\/\/equitas.site\/?s={search_term_string}\"},\"query-input\":{\"@type\":\"PropertyValueSpecification\",\"valueRequired\":true,\"valueName\":\"search_term_string\"}}],\"inLanguage\":\"tr\"},{\"@type\":\"Organization\",\"@id\":\"https:\/\/equitas.site\/#organization\",\"name\":\"Equitas\",\"url\":\"https:\/\/equitas.site\/\",\"logo\":{\"@type\":\"ImageObject\",\"inLanguage\":\"tr\",\"@id\":\"https:\/\/equitas.site\/#\/schema\/logo\/image\/\",\"url\":\"https:\/\/equitas.site\/wp-content\/uploads\/2024\/03\/Groupe-2.png\",\"contentUrl\":\"https:\/\/equitas.site\/wp-content\/uploads\/2024\/03\/Groupe-2.png\",\"width\":188,\"height\":44,\"caption\":\"Equitas\"},\"image\":{\"@id\":\"https:\/\/equitas.site\/#\/schema\/logo\/image\/\"}},{\"@type\":\"Person\",\"@id\":\"https:\/\/equitas.site\/#\/schema\/person\/dd7e17205703348c59742d137575de32\",\"name\":\"Equitas\",\"image\":{\"@type\":\"ImageObject\",\"inLanguage\":\"tr\",\"@id\":\"https:\/\/equitas.site\/#\/schema\/person\/image\/\",\"url\":\"https:\/\/secure.gravatar.com\/avatar\/?s=96&d=mm&r=g\",\"contentUrl\":\"https:\/\/secure.gravatar.com\/avatar\/?s=96&d=mm&r=g\",\"caption\":\"Equitas\"},\"url\":\"https:\/\/equitas.site\/tr\/author\/equitas\/\"}]}<\/script>\n<!-- \/ Yoast SEO plugin. -->","yoast_head_json":{"title":"Bir sinagog yak\u0131n\u0131nda \u00e7\u0131kan yang\u0131n Frans\u0131z h\u00fck\u00fcmetinin \u00e7ifte standard\u0131n\u0131 g\u00f6zler \u00f6n\u00fcne serdi - Equitas","robots":{"index":"index","follow":"follow","max-snippet":"max-snippet:-1","max-image-preview":"max-image-preview:large","max-video-preview":"max-video-preview:-1"},"canonical":"https:\/\/equitas.site\/tr\/bir-sinagog-yakininda-cikan-yangin-fransiz-hukumetinin-cifte-standardini-gozler-onune-serdi\/","og_locale":"tr_TR","og_type":"article","og_title":"Bir sinagog yak\u0131n\u0131nda \u00e7\u0131kan yang\u0131n Frans\u0131z h\u00fck\u00fcmetinin \u00e7ifte standard\u0131n\u0131 g\u00f6zler \u00f6n\u00fcne serdi - Equitas","og_description":"24 A\u011fustos 2024 ak\u015fam\u0131 bir ki\u015fi Fransa&#8217;n\u0131n g\u00fcneybat\u0131s\u0131ndaki La-Grande-Motte sinagogu yak\u0131nlar\u0131nda birka\u00e7 arac\u0131 ate\u015fe vermi\u015ftir (34). Bunun \u00fczerine s\u0131ras\u0131yla Ba\u015fbakan Gabriel Attal ve \u0130\u00e7i\u015fleri Bakan\u0131 G\u00e9rald Darmanin olay yerine giderek iki y\u00fcz polis ve jandarmay\u0131 harekete ge\u00e7irdi. 2024 y\u0131l\u0131nda Collectif contre l&#8217;islamophobie en Europe (CCIE) (Avrupa&#8217;da \u0130slamofobiye Kar\u015f\u0131 Kolektif) camilere y\u00f6nelik benzer bir d\u00fczine sald\u0131r\u0131 [&hellip;]","og_url":"https:\/\/equitas.site\/tr\/bir-sinagog-yakininda-cikan-yangin-fransiz-hukumetinin-cifte-standardini-gozler-onune-serdi\/","og_site_name":"Equitas","article_published_time":"2024-08-28T07:46:35+00:00","article_modified_time":"2024-09-15T19:51:36+00:00","og_image":[{"width":1280,"height":720,"url":"https:\/\/equitas.site\/wp-content\/uploads\/2024\/08\/France-Un-incendie-pres-dune-synagogue-revele-le-deux-poids-deux-mesures-du-gouvernement-francais.png","type":"image\/png"}],"author":"Equitas","twitter_card":"summary_large_image","twitter_misc":{"Yazan:":"Equitas","Tahmini okuma s\u00fcresi":"1 dakika"},"schema":{"@context":"https:\/\/schema.org","@graph":[{"@type":"Article","@id":"https:\/\/equitas.site\/tr\/bir-sinagog-yakininda-cikan-yangin-fransiz-hukumetinin-cifte-standardini-gozler-onune-serdi\/#article","isPartOf":{"@id":"https:\/\/equitas.site\/tr\/bir-sinagog-yakininda-cikan-yangin-fransiz-hukumetinin-cifte-standardini-gozler-onune-serdi\/"},"author":{"name":"Equitas","@id":"https:\/\/equitas.site\/#\/schema\/person\/dd7e17205703348c59742d137575de32"},"headline":"Bir sinagog yak\u0131n\u0131nda \u00e7\u0131kan yang\u0131n Frans\u0131z h\u00fck\u00fcmetinin \u00e7ifte standard\u0131n\u0131 g\u00f6zler \u00f6n\u00fcne serdi","datePublished":"2024-08-28T07:46:35+00:00","dateModified":"2024-09-15T19:51:36+00:00","mainEntityOfPage":{"@id":"https:\/\/equitas.site\/tr\/bir-sinagog-yakininda-cikan-yangin-fransiz-hukumetinin-cifte-standardini-gozler-onune-serdi\/"},"wordCount":175,"commentCount":0,"publisher":{"@id":"https:\/\/equitas.site\/#organization"},"image":{"@id":"https:\/\/equitas.site\/tr\/bir-sinagog-yakininda-cikan-yangin-fransiz-hukumetinin-cifte-standardini-gozler-onune-serdi\/#primaryimage"},"thumbnailUrl":"https:\/\/equitas.site\/wp-content\/uploads\/2024\/08\/France-Un-incendie-pres-dune-synagogue-revele-le-deux-poids-deux-mesures-du-gouvernement-francais.png","keywords":["FRANSA","S\u0130NAGOG"],"articleSection":["Fransa","Haberler"],"inLanguage":"tr","potentialAction":[{"@type":"CommentAction","name":"Comment","target":["https:\/\/equitas.site\/tr\/bir-sinagog-yakininda-cikan-yangin-fransiz-hukumetinin-cifte-standardini-gozler-onune-serdi\/#respond"]}]},{"@type":"WebPage","@id":"https:\/\/equitas.site\/tr\/bir-sinagog-yakininda-cikan-yangin-fransiz-hukumetinin-cifte-standardini-gozler-onune-serdi\/","url":"https:\/\/equitas.site\/tr\/bir-sinagog-yakininda-cikan-yangin-fransiz-hukumetinin-cifte-standardini-gozler-onune-serdi\/","name":"Bir sinagog yak\u0131n\u0131nda \u00e7\u0131kan yang\u0131n Frans\u0131z h\u00fck\u00fcmetinin \u00e7ifte standard\u0131n\u0131 g\u00f6zler \u00f6n\u00fcne serdi - Equitas","isPartOf":{"@id":"https:\/\/equitas.site\/#website"},"primaryImageOfPage":{"@id":"https:\/\/equitas.site\/tr\/bir-sinagog-yakininda-cikan-yangin-fransiz-hukumetinin-cifte-standardini-gozler-onune-serdi\/#primaryimage"},"image":{"@id":"https:\/\/equitas.site\/tr\/bir-sinagog-yakininda-cikan-yangin-fransiz-hukumetinin-cifte-standardini-gozler-onune-serdi\/#primaryimage"},"thumbnailUrl":"https:\/\/equitas.site\/wp-content\/uploads\/2024\/08\/France-Un-incendie-pres-dune-synagogue-revele-le-deux-poids-deux-mesures-du-gouvernement-francais.png","datePublished":"2024-08-28T07:46:35+00:00","dateModified":"2024-09-15T19:51:36+00:00","breadcrumb":{"@id":"https:\/\/equitas.site\/tr\/bir-sinagog-yakininda-cikan-yangin-fransiz-hukumetinin-cifte-standardini-gozler-onune-serdi\/#breadcrumb"},"inLanguage":"tr","potentialAction":[{"@type":"ReadAction","target":["https:\/\/equitas.site\/tr\/bir-sinagog-yakininda-cikan-yangin-fransiz-hukumetinin-cifte-standardini-gozler-onune-serdi\/"]}]},{"@type":"ImageObject","inLanguage":"tr","@id":"https:\/\/equitas.site\/tr\/bir-sinagog-yakininda-cikan-yangin-fransiz-hukumetinin-cifte-standardini-gozler-onune-serdi\/#primaryimage","url":"https:\/\/equitas.site\/wp-content\/uploads\/2024\/08\/France-Un-incendie-pres-dune-synagogue-revele-le-deux-poids-deux-mesures-du-gouvernement-francais.png","contentUrl":"https:\/\/equitas.site\/wp-content\/uploads\/2024\/08\/France-Un-incendie-pres-dune-synagogue-revele-le-deux-poids-deux-mesures-du-gouvernement-francais.png","width":1280,"height":720},{"@type":"BreadcrumbList","@id":"https:\/\/equitas.site\/tr\/bir-sinagog-yakininda-cikan-yangin-fransiz-hukumetinin-cifte-standardini-gozler-onune-serdi\/#breadcrumb","itemListElement":[{"@type":"ListItem","position":1,"name":"Accueil","item":"https:\/\/equitas.site\/da\/"},{"@type":"ListItem","position":2,"name":"Bir sinagog yak\u0131n\u0131nda \u00e7\u0131kan yang\u0131n Frans\u0131z h\u00fck\u00fcmetinin \u00e7ifte standard\u0131n\u0131 g\u00f6zler \u00f6n\u00fcne serdi"}]},{"@type":"WebSite","@id":"https:\/\/equitas.site\/#website","url":"https:\/\/equitas.site\/","name":"Equitas","description":"Your shield against hate.","publisher":{"@id":"https:\/\/equitas.site\/#organization"},"potentialAction":[{"@type":"SearchAction","target":{"@type":"EntryPoint","urlTemplate":"https:\/\/equitas.site\/?s={search_term_string}"},"query-input":{"@type":"PropertyValueSpecification","valueRequired":true,"valueName":"search_term_string"}}],"inLanguage":"tr"},{"@type":"Organization","@id":"https:\/\/equitas.site\/#organization","name":"Equitas","url":"https:\/\/equitas.site\/","logo":{"@type":"ImageObject","inLanguage":"tr","@id":"https:\/\/equitas.site\/#\/schema\/logo\/image\/","url":"https:\/\/equitas.site\/wp-content\/uploads\/2024\/03\/Groupe-2.png","contentUrl":"https:\/\/equitas.site\/wp-content\/uploads\/2024\/03\/Groupe-2.png","width":188,"height":44,"caption":"Equitas"},"image":{"@id":"https:\/\/equitas.site\/#\/schema\/logo\/image\/"}},{"@type":"Person","@id":"https:\/\/equitas.site\/#\/schema\/person\/dd7e17205703348c59742d137575de32","name":"Equitas","image":{"@type":"ImageObject","inLanguage":"tr","@id":"https:\/\/equitas.site\/#\/schema\/person\/image\/","url":"https:\/\/secure.gravatar.com\/avatar\/?s=96&d=mm&r=g","contentUrl":"https:\/\/secure.gravatar.com\/avatar\/?s=96&d=mm&r=g","caption":"Equitas"},"url":"https:\/\/equitas.site\/tr\/author\/equitas\/"}]}},"_links":{"self":[{"href":"https:\/\/equitas.site\/tr\/wp-json\/wp\/v2\/posts\/4209","targetHints":{"allow":["GET"]}}],"collection":[{"href":"https:\/\/equitas.site\/tr\/wp-json\/wp\/v2\/posts"}],"about":[{"href":"https:\/\/equitas.site\/tr\/wp-json\/wp\/v2\/types\/post"}],"author":[{"embeddable":true,"href":"https:\/\/equitas.site\/tr\/wp-json\/wp\/v2\/users\/2"}],"replies":[{"embeddable":true,"href":"https:\/\/equitas.site\/tr\/wp-json\/wp\/v2\/comments?post=4209"}],"version-history":[{"count":1,"href":"https:\/\/equitas.site\/tr\/wp-json\/wp\/v2\/posts\/4209\/revisions"}],"predecessor-version":[{"id":4213,"href":"https:\/\/equitas.site\/tr\/wp-json\/wp\/v2\/posts\/4209\/revisions\/4213"}],"wp:featuredmedia":[{"embeddable":true,"href":"https:\/\/equitas.site\/tr\/wp-json\/wp\/v2\/media\/4211"}],"wp:attachment":[{"href":"https:\/\/equitas.site\/tr\/wp-json\/wp\/v2\/media?parent=4209"}],"wp:term":[{"taxonomy":"category","embeddable":true,"href":"https:\/\/equitas.site\/tr\/wp-json\/wp\/v2\/categories?post=4209"},{"taxonomy":"post_tag","embeddable":true,"href":"https:\/\/equitas.site\/tr\/wp-json\/wp\/v2\/tags?post=4209"}],"curies":[{"name":"wp","href":"https:\/\/api.w.org\/{rel}","templated":true}]}}