{"id":4238,"date":"2024-08-28T11:36:46","date_gmt":"2024-08-28T11:36:46","guid":{"rendered":"https:\/\/equitas.site\/ispanyol-belediye-baskani-muslumanlara-hakaret-ettigi-icin-10-000-avro-para-cezasina-carptirildi\/"},"modified":"2024-09-15T19:51:42","modified_gmt":"2024-09-15T19:51:42","slug":"ispanyol-belediye-baskani-muslumanlara-hakaret-ettigi-icin-10-000-avro-para-cezasina-carptirildi","status":"publish","type":"post","link":"https:\/\/equitas.site\/tr\/ispanyol-belediye-baskani-muslumanlara-hakaret-ettigi-icin-10-000-avro-para-cezasina-carptirildi\/","title":{"rendered":"\u0130spanyol belediye ba\u015fkan\u0131 M\u00fcsl\u00fcmanlara hakaret etti\u011fi i\u00e7in 10.000 Avro para cezas\u0131na \u00e7arpt\u0131r\u0131ld\u0131"},"content":{"rendered":"\n<p>Katalonya&#8217;n\u0131n (\u0130spanya&#8217;n\u0131n kuzeydo\u011fusu) Ripoll Belediye Ba\u015fkan\u0131 ve yerel Katalan parlamentosundaki a\u015f\u0131r\u0131 sa\u011fc\u0131 milliyet\u00e7i parti &#8220;Alianca Catalana&#8221; \u00fcyesi Silvia Orriols, &#8220;8TV&#8221; televizyon kanal\u0131na verdi\u011fi deme\u00e7te M\u00fcsl\u00fcmanlara hakaret etti\u011fi gerek\u00e7esiyle 10.000 Avro para cezas\u0131na \u00e7arpt\u0131r\u0131ld\u0131.\nS\u00f6z konusu ki\u015fi b\u00f6lgede ya\u015fayan M\u00fcsl\u00fcmanlar\u0131n &#8220;Katalan kimli\u011fi i\u00e7in bir tehdit&#8221; oldu\u011funu iddia etmi\u015ftir. <\/p>\n\n<p>Ceza, Katalan \u00f6zerk h\u00fck\u00fcmeti taraf\u0131ndan b\u00f6lgedeki \u0130slamofobi ve yabanc\u0131 d\u00fc\u015fmanl\u0131\u011f\u0131yla m\u00fccadele etmek \u00fczere tasarlanan bir yasa uyar\u0131nca uygulanm\u0131\u015ft\u0131r.\nBu yapt\u0131r\u0131m, \u0130slamofobik yorumlar\u0131n siyasi s\u0131n\u0131f taraf\u0131ndan normalle\u015ftirilmesine kar\u015f\u0131 g\u00fc\u00e7l\u00fc bir sembold\u00fcr. <\/p>\n","protected":false},"excerpt":{"rendered":"<p>Katalonya&#8217;n\u0131n (\u0130spanya&#8217;n\u0131n kuzeydo\u011fusu) Ripoll Belediye Ba\u015fkan\u0131 ve yerel Katalan parlamentosundaki a\u015f\u0131r\u0131 sa\u011fc\u0131 milliyet\u00e7i parti &#8220;Alianca Catalana&#8221; \u00fcyesi Silvia Orriols, &#8220;8TV&#8221; televizyon kanal\u0131na verdi\u011fi deme\u00e7te M\u00fcsl\u00fcmanlara hakaret etti\u011fi gerek\u00e7esiyle 10.000 Avro para cezas\u0131na \u00e7arpt\u0131r\u0131ld\u0131. S\u00f6z konusu ki\u015fi b\u00f6lgede ya\u015fayan M\u00fcsl\u00fcmanlar\u0131n &#8220;Katalan kimli\u011fi i\u00e7in bir tehdit&#8221; oldu\u011funu iddia etmi\u015ftir. Ceza, Katalan \u00f6zerk h\u00fck\u00fcmeti taraf\u0131ndan b\u00f6lgedeki \u0130slamofobi ve [&hellip;]<\/p>\n","protected":false},"author":2,"featured_media":4241,"comment_status":"open","ping_status":"open","sticky":false,"template":"","format":"standard","meta":{"footnotes":""},"categories":[208,277],"tags":[282,283,279],"class_list":["post-4238","post","type-post","status-publish","format-standard","has-post-thumbnail","hentry","category-haberler","category-ispanya","tag-guzel","tag-hakaretler","tag-ispanya"],"yoast_head":"<!-- This site is optimized with the Yoast SEO plugin v27.1.1 - https:\/\/yoast.com\/product\/yoast-seo-wordpress\/ -->\n<title>\u0130spanyol belediye ba\u015fkan\u0131 M\u00fcsl\u00fcmanlara hakaret etti\u011fi i\u00e7in 10.000 Avro para cezas\u0131na \u00e7arpt\u0131r\u0131ld\u0131 - Equitas<\/title>\n<meta name=\"robots\" content=\"index, follow, max-snippet:-1, max-image-preview:large, max-video-preview:-1\" \/>\n<link rel=\"canonical\" href=\"https:\/\/equitas.site\/tr\/ispanyol-belediye-baskani-muslumanlara-hakaret-ettigi-icin-10-000-avro-para-cezasina-carptirildi\/\" \/>\n<meta property=\"og:locale\" content=\"tr_TR\" \/>\n<meta property=\"og:type\" content=\"article\" \/>\n<meta property=\"og:title\" content=\"\u0130spanyol belediye ba\u015fkan\u0131 M\u00fcsl\u00fcmanlara hakaret etti\u011fi i\u00e7in 10.000 Avro para cezas\u0131na \u00e7arpt\u0131r\u0131ld\u0131 - Equitas\" \/>\n<meta property=\"og:description\" content=\"Katalonya&#8217;n\u0131n (\u0130spanya&#8217;n\u0131n kuzeydo\u011fusu) Ripoll Belediye Ba\u015fkan\u0131 ve yerel Katalan parlamentosundaki a\u015f\u0131r\u0131 sa\u011fc\u0131 milliyet\u00e7i parti &#8220;Alianca Catalana&#8221; \u00fcyesi Silvia Orriols, &#8220;8TV&#8221; televizyon kanal\u0131na verdi\u011fi deme\u00e7te M\u00fcsl\u00fcmanlara hakaret etti\u011fi gerek\u00e7esiyle 10.000 Avro para cezas\u0131na \u00e7arpt\u0131r\u0131ld\u0131. S\u00f6z konusu ki\u015fi b\u00f6lgede ya\u015fayan M\u00fcsl\u00fcmanlar\u0131n &#8220;Katalan kimli\u011fi i\u00e7in bir tehdit&#8221; oldu\u011funu iddia etmi\u015ftir. Ceza, Katalan \u00f6zerk h\u00fck\u00fcmeti taraf\u0131ndan b\u00f6lgedeki \u0130slamofobi ve [&hellip;]\" \/>\n<meta property=\"og:url\" content=\"https:\/\/equitas.site\/tr\/ispanyol-belediye-baskani-muslumanlara-hakaret-ettigi-icin-10-000-avro-para-cezasina-carptirildi\/\" \/>\n<meta property=\"og:site_name\" content=\"Equitas\" \/>\n<meta property=\"article:published_time\" content=\"2024-08-28T11:36:46+00:00\" \/>\n<meta property=\"article:modified_time\" content=\"2024-09-15T19:51:42+00:00\" \/>\n<meta property=\"og:image\" content=\"https:\/\/equitas.site\/wp-content\/uploads\/2024\/08\/Espagne-Une-mairesse-espagnole-condamnee-a-une-amende-de-10-000-E-pour-avoir-insulte-les-musulmanes.png\" \/>\n\t<meta property=\"og:image:width\" content=\"1280\" \/>\n\t<meta property=\"og:image:height\" content=\"720\" \/>\n\t<meta property=\"og:image:type\" content=\"image\/png\" \/>\n<meta name=\"author\" content=\"Equitas\" \/>\n<meta name=\"twitter:card\" content=\"summary_large_image\" \/>\n<meta name=\"twitter:label1\" content=\"Yazan:\" \/>\n\t<meta name=\"twitter:data1\" content=\"Equitas\" \/>\n\t<meta name=\"twitter:label2\" content=\"Tahmini okuma s\u00fcresi\" \/>\n\t<meta name=\"twitter:data2\" content=\"1 dakika\" \/>\n<script type=\"application\/ld+json\" class=\"yoast-schema-graph\">{\"@context\":\"https:\/\/schema.org\",\"@graph\":[{\"@type\":\"Article\",\"@id\":\"https:\/\/equitas.site\/tr\/ispanyol-belediye-baskani-muslumanlara-hakaret-ettigi-icin-10-000-avro-para-cezasina-carptirildi\/#article\",\"isPartOf\":{\"@id\":\"https:\/\/equitas.site\/tr\/ispanyol-belediye-baskani-muslumanlara-hakaret-ettigi-icin-10-000-avro-para-cezasina-carptirildi\/\"},\"author\":{\"name\":\"Equitas\",\"@id\":\"https:\/\/equitas.site\/#\/schema\/person\/dd7e17205703348c59742d137575de32\"},\"headline\":\"\u0130spanyol belediye ba\u015fkan\u0131 M\u00fcsl\u00fcmanlara hakaret etti\u011fi i\u00e7in 10.000 Avro para cezas\u0131na \u00e7arpt\u0131r\u0131ld\u0131\",\"datePublished\":\"2024-08-28T11:36:46+00:00\",\"dateModified\":\"2024-09-15T19:51:42+00:00\",\"mainEntityOfPage\":{\"@id\":\"https:\/\/equitas.site\/tr\/ispanyol-belediye-baskani-muslumanlara-hakaret-ettigi-icin-10-000-avro-para-cezasina-carptirildi\/\"},\"wordCount\":144,\"commentCount\":0,\"publisher\":{\"@id\":\"https:\/\/equitas.site\/#organization\"},\"image\":{\"@id\":\"https:\/\/equitas.site\/tr\/ispanyol-belediye-baskani-muslumanlara-hakaret-ettigi-icin-10-000-avro-para-cezasina-carptirildi\/#primaryimage\"},\"thumbnailUrl\":\"https:\/\/equitas.site\/wp-content\/uploads\/2024\/08\/Espagne-Une-mairesse-espagnole-condamnee-a-une-amende-de-10-000-E-pour-avoir-insulte-les-musulmanes.png\",\"keywords\":[\"G\u00fczel\",\"hakaretler\",\"\u0130spanya\"],\"articleSection\":[\"Haberler\",\"\u0130spanya\"],\"inLanguage\":\"tr\",\"potentialAction\":[{\"@type\":\"CommentAction\",\"name\":\"Comment\",\"target\":[\"https:\/\/equitas.site\/tr\/ispanyol-belediye-baskani-muslumanlara-hakaret-ettigi-icin-10-000-avro-para-cezasina-carptirildi\/#respond\"]}]},{\"@type\":\"WebPage\",\"@id\":\"https:\/\/equitas.site\/tr\/ispanyol-belediye-baskani-muslumanlara-hakaret-ettigi-icin-10-000-avro-para-cezasina-carptirildi\/\",\"url\":\"https:\/\/equitas.site\/tr\/ispanyol-belediye-baskani-muslumanlara-hakaret-ettigi-icin-10-000-avro-para-cezasina-carptirildi\/\",\"name\":\"\u0130spanyol belediye ba\u015fkan\u0131 M\u00fcsl\u00fcmanlara hakaret etti\u011fi i\u00e7in 10.000 Avro para cezas\u0131na \u00e7arpt\u0131r\u0131ld\u0131 - Equitas\",\"isPartOf\":{\"@id\":\"https:\/\/equitas.site\/#website\"},\"primaryImageOfPage\":{\"@id\":\"https:\/\/equitas.site\/tr\/ispanyol-belediye-baskani-muslumanlara-hakaret-ettigi-icin-10-000-avro-para-cezasina-carptirildi\/#primaryimage\"},\"image\":{\"@id\":\"https:\/\/equitas.site\/tr\/ispanyol-belediye-baskani-muslumanlara-hakaret-ettigi-icin-10-000-avro-para-cezasina-carptirildi\/#primaryimage\"},\"thumbnailUrl\":\"https:\/\/equitas.site\/wp-content\/uploads\/2024\/08\/Espagne-Une-mairesse-espagnole-condamnee-a-une-amende-de-10-000-E-pour-avoir-insulte-les-musulmanes.png\",\"datePublished\":\"2024-08-28T11:36:46+00:00\",\"dateModified\":\"2024-09-15T19:51:42+00:00\",\"breadcrumb\":{\"@id\":\"https:\/\/equitas.site\/tr\/ispanyol-belediye-baskani-muslumanlara-hakaret-ettigi-icin-10-000-avro-para-cezasina-carptirildi\/#breadcrumb\"},\"inLanguage\":\"tr\",\"potentialAction\":[{\"@type\":\"ReadAction\",\"target\":[\"https:\/\/equitas.site\/tr\/ispanyol-belediye-baskani-muslumanlara-hakaret-ettigi-icin-10-000-avro-para-cezasina-carptirildi\/\"]}]},{\"@type\":\"ImageObject\",\"inLanguage\":\"tr\",\"@id\":\"https:\/\/equitas.site\/tr\/ispanyol-belediye-baskani-muslumanlara-hakaret-ettigi-icin-10-000-avro-para-cezasina-carptirildi\/#primaryimage\",\"url\":\"https:\/\/equitas.site\/wp-content\/uploads\/2024\/08\/Espagne-Une-mairesse-espagnole-condamnee-a-une-amende-de-10-000-E-pour-avoir-insulte-les-musulmanes.png\",\"contentUrl\":\"https:\/\/equitas.site\/wp-content\/uploads\/2024\/08\/Espagne-Une-mairesse-espagnole-condamnee-a-une-amende-de-10-000-E-pour-avoir-insulte-les-musulmanes.png\",\"width\":1280,\"height\":720},{\"@type\":\"BreadcrumbList\",\"@id\":\"https:\/\/equitas.site\/tr\/ispanyol-belediye-baskani-muslumanlara-hakaret-ettigi-icin-10-000-avro-para-cezasina-carptirildi\/#breadcrumb\",\"itemListElement\":[{\"@type\":\"ListItem\",\"position\":1,\"name\":\"Accueil\",\"item\":\"https:\/\/equitas.site\/da\/\"},{\"@type\":\"ListItem\",\"position\":2,\"name\":\"\u0130spanyol belediye ba\u015fkan\u0131 M\u00fcsl\u00fcmanlara hakaret etti\u011fi i\u00e7in 10.000 Avro para cezas\u0131na \u00e7arpt\u0131r\u0131ld\u0131\"}]},{\"@type\":\"WebSite\",\"@id\":\"https:\/\/equitas.site\/#website\",\"url\":\"https:\/\/equitas.site\/\",\"name\":\"Equitas\",\"description\":\"Your shield against hate.\",\"publisher\":{\"@id\":\"https:\/\/equitas.site\/#organization\"},\"potentialAction\":[{\"@type\":\"SearchAction\",\"target\":{\"@type\":\"EntryPoint\",\"urlTemplate\":\"https:\/\/equitas.site\/?s={search_term_string}\"},\"query-input\":{\"@type\":\"PropertyValueSpecification\",\"valueRequired\":true,\"valueName\":\"search_term_string\"}}],\"inLanguage\":\"tr\"},{\"@type\":\"Organization\",\"@id\":\"https:\/\/equitas.site\/#organization\",\"name\":\"Equitas\",\"url\":\"https:\/\/equitas.site\/\",\"logo\":{\"@type\":\"ImageObject\",\"inLanguage\":\"tr\",\"@id\":\"https:\/\/equitas.site\/#\/schema\/logo\/image\/\",\"url\":\"https:\/\/equitas.site\/wp-content\/uploads\/2024\/03\/Groupe-2.png\",\"contentUrl\":\"https:\/\/equitas.site\/wp-content\/uploads\/2024\/03\/Groupe-2.png\",\"width\":188,\"height\":44,\"caption\":\"Equitas\"},\"image\":{\"@id\":\"https:\/\/equitas.site\/#\/schema\/logo\/image\/\"}},{\"@type\":\"Person\",\"@id\":\"https:\/\/equitas.site\/#\/schema\/person\/dd7e17205703348c59742d137575de32\",\"name\":\"Equitas\",\"image\":{\"@type\":\"ImageObject\",\"inLanguage\":\"tr\",\"@id\":\"https:\/\/equitas.site\/#\/schema\/person\/image\/\",\"url\":\"https:\/\/secure.gravatar.com\/avatar\/?s=96&d=mm&r=g\",\"contentUrl\":\"https:\/\/secure.gravatar.com\/avatar\/?s=96&d=mm&r=g\",\"caption\":\"Equitas\"},\"url\":\"https:\/\/equitas.site\/tr\/author\/equitas\/\"}]}<\/script>\n<!-- \/ Yoast SEO plugin. -->","yoast_head_json":{"title":"\u0130spanyol belediye ba\u015fkan\u0131 M\u00fcsl\u00fcmanlara hakaret etti\u011fi i\u00e7in 10.000 Avro para cezas\u0131na \u00e7arpt\u0131r\u0131ld\u0131 - Equitas","robots":{"index":"index","follow":"follow","max-snippet":"max-snippet:-1","max-image-preview":"max-image-preview:large","max-video-preview":"max-video-preview:-1"},"canonical":"https:\/\/equitas.site\/tr\/ispanyol-belediye-baskani-muslumanlara-hakaret-ettigi-icin-10-000-avro-para-cezasina-carptirildi\/","og_locale":"tr_TR","og_type":"article","og_title":"\u0130spanyol belediye ba\u015fkan\u0131 M\u00fcsl\u00fcmanlara hakaret etti\u011fi i\u00e7in 10.000 Avro para cezas\u0131na \u00e7arpt\u0131r\u0131ld\u0131 - Equitas","og_description":"Katalonya&#8217;n\u0131n (\u0130spanya&#8217;n\u0131n kuzeydo\u011fusu) Ripoll Belediye Ba\u015fkan\u0131 ve yerel Katalan parlamentosundaki a\u015f\u0131r\u0131 sa\u011fc\u0131 milliyet\u00e7i parti &#8220;Alianca Catalana&#8221; \u00fcyesi Silvia Orriols, &#8220;8TV&#8221; televizyon kanal\u0131na verdi\u011fi deme\u00e7te M\u00fcsl\u00fcmanlara hakaret etti\u011fi gerek\u00e7esiyle 10.000 Avro para cezas\u0131na \u00e7arpt\u0131r\u0131ld\u0131. S\u00f6z konusu ki\u015fi b\u00f6lgede ya\u015fayan M\u00fcsl\u00fcmanlar\u0131n &#8220;Katalan kimli\u011fi i\u00e7in bir tehdit&#8221; oldu\u011funu iddia etmi\u015ftir. Ceza, Katalan \u00f6zerk h\u00fck\u00fcmeti taraf\u0131ndan b\u00f6lgedeki \u0130slamofobi ve [&hellip;]","og_url":"https:\/\/equitas.site\/tr\/ispanyol-belediye-baskani-muslumanlara-hakaret-ettigi-icin-10-000-avro-para-cezasina-carptirildi\/","og_site_name":"Equitas","article_published_time":"2024-08-28T11:36:46+00:00","article_modified_time":"2024-09-15T19:51:42+00:00","og_image":[{"width":1280,"height":720,"url":"https:\/\/equitas.site\/wp-content\/uploads\/2024\/08\/Espagne-Une-mairesse-espagnole-condamnee-a-une-amende-de-10-000-E-pour-avoir-insulte-les-musulmanes.png","type":"image\/png"}],"author":"Equitas","twitter_card":"summary_large_image","twitter_misc":{"Yazan:":"Equitas","Tahmini okuma s\u00fcresi":"1 dakika"},"schema":{"@context":"https:\/\/schema.org","@graph":[{"@type":"Article","@id":"https:\/\/equitas.site\/tr\/ispanyol-belediye-baskani-muslumanlara-hakaret-ettigi-icin-10-000-avro-para-cezasina-carptirildi\/#article","isPartOf":{"@id":"https:\/\/equitas.site\/tr\/ispanyol-belediye-baskani-muslumanlara-hakaret-ettigi-icin-10-000-avro-para-cezasina-carptirildi\/"},"author":{"name":"Equitas","@id":"https:\/\/equitas.site\/#\/schema\/person\/dd7e17205703348c59742d137575de32"},"headline":"\u0130spanyol belediye ba\u015fkan\u0131 M\u00fcsl\u00fcmanlara hakaret etti\u011fi i\u00e7in 10.000 Avro para cezas\u0131na \u00e7arpt\u0131r\u0131ld\u0131","datePublished":"2024-08-28T11:36:46+00:00","dateModified":"2024-09-15T19:51:42+00:00","mainEntityOfPage":{"@id":"https:\/\/equitas.site\/tr\/ispanyol-belediye-baskani-muslumanlara-hakaret-ettigi-icin-10-000-avro-para-cezasina-carptirildi\/"},"wordCount":144,"commentCount":0,"publisher":{"@id":"https:\/\/equitas.site\/#organization"},"image":{"@id":"https:\/\/equitas.site\/tr\/ispanyol-belediye-baskani-muslumanlara-hakaret-ettigi-icin-10-000-avro-para-cezasina-carptirildi\/#primaryimage"},"thumbnailUrl":"https:\/\/equitas.site\/wp-content\/uploads\/2024\/08\/Espagne-Une-mairesse-espagnole-condamnee-a-une-amende-de-10-000-E-pour-avoir-insulte-les-musulmanes.png","keywords":["G\u00fczel","hakaretler","\u0130spanya"],"articleSection":["Haberler","\u0130spanya"],"inLanguage":"tr","potentialAction":[{"@type":"CommentAction","name":"Comment","target":["https:\/\/equitas.site\/tr\/ispanyol-belediye-baskani-muslumanlara-hakaret-ettigi-icin-10-000-avro-para-cezasina-carptirildi\/#respond"]}]},{"@type":"WebPage","@id":"https:\/\/equitas.site\/tr\/ispanyol-belediye-baskani-muslumanlara-hakaret-ettigi-icin-10-000-avro-para-cezasina-carptirildi\/","url":"https:\/\/equitas.site\/tr\/ispanyol-belediye-baskani-muslumanlara-hakaret-ettigi-icin-10-000-avro-para-cezasina-carptirildi\/","name":"\u0130spanyol belediye ba\u015fkan\u0131 M\u00fcsl\u00fcmanlara hakaret etti\u011fi i\u00e7in 10.000 Avro para cezas\u0131na \u00e7arpt\u0131r\u0131ld\u0131 - Equitas","isPartOf":{"@id":"https:\/\/equitas.site\/#website"},"primaryImageOfPage":{"@id":"https:\/\/equitas.site\/tr\/ispanyol-belediye-baskani-muslumanlara-hakaret-ettigi-icin-10-000-avro-para-cezasina-carptirildi\/#primaryimage"},"image":{"@id":"https:\/\/equitas.site\/tr\/ispanyol-belediye-baskani-muslumanlara-hakaret-ettigi-icin-10-000-avro-para-cezasina-carptirildi\/#primaryimage"},"thumbnailUrl":"https:\/\/equitas.site\/wp-content\/uploads\/2024\/08\/Espagne-Une-mairesse-espagnole-condamnee-a-une-amende-de-10-000-E-pour-avoir-insulte-les-musulmanes.png","datePublished":"2024-08-28T11:36:46+00:00","dateModified":"2024-09-15T19:51:42+00:00","breadcrumb":{"@id":"https:\/\/equitas.site\/tr\/ispanyol-belediye-baskani-muslumanlara-hakaret-ettigi-icin-10-000-avro-para-cezasina-carptirildi\/#breadcrumb"},"inLanguage":"tr","potentialAction":[{"@type":"ReadAction","target":["https:\/\/equitas.site\/tr\/ispanyol-belediye-baskani-muslumanlara-hakaret-ettigi-icin-10-000-avro-para-cezasina-carptirildi\/"]}]},{"@type":"ImageObject","inLanguage":"tr","@id":"https:\/\/equitas.site\/tr\/ispanyol-belediye-baskani-muslumanlara-hakaret-ettigi-icin-10-000-avro-para-cezasina-carptirildi\/#primaryimage","url":"https:\/\/equitas.site\/wp-content\/uploads\/2024\/08\/Espagne-Une-mairesse-espagnole-condamnee-a-une-amende-de-10-000-E-pour-avoir-insulte-les-musulmanes.png","contentUrl":"https:\/\/equitas.site\/wp-content\/uploads\/2024\/08\/Espagne-Une-mairesse-espagnole-condamnee-a-une-amende-de-10-000-E-pour-avoir-insulte-les-musulmanes.png","width":1280,"height":720},{"@type":"BreadcrumbList","@id":"https:\/\/equitas.site\/tr\/ispanyol-belediye-baskani-muslumanlara-hakaret-ettigi-icin-10-000-avro-para-cezasina-carptirildi\/#breadcrumb","itemListElement":[{"@type":"ListItem","position":1,"name":"Accueil","item":"https:\/\/equitas.site\/da\/"},{"@type":"ListItem","position":2,"name":"\u0130spanyol belediye ba\u015fkan\u0131 M\u00fcsl\u00fcmanlara hakaret etti\u011fi i\u00e7in 10.000 Avro para cezas\u0131na \u00e7arpt\u0131r\u0131ld\u0131"}]},{"@type":"WebSite","@id":"https:\/\/equitas.site\/#website","url":"https:\/\/equitas.site\/","name":"Equitas","description":"Your shield against hate.","publisher":{"@id":"https:\/\/equitas.site\/#organization"},"potentialAction":[{"@type":"SearchAction","target":{"@type":"EntryPoint","urlTemplate":"https:\/\/equitas.site\/?s={search_term_string}"},"query-input":{"@type":"PropertyValueSpecification","valueRequired":true,"valueName":"search_term_string"}}],"inLanguage":"tr"},{"@type":"Organization","@id":"https:\/\/equitas.site\/#organization","name":"Equitas","url":"https:\/\/equitas.site\/","logo":{"@type":"ImageObject","inLanguage":"tr","@id":"https:\/\/equitas.site\/#\/schema\/logo\/image\/","url":"https:\/\/equitas.site\/wp-content\/uploads\/2024\/03\/Groupe-2.png","contentUrl":"https:\/\/equitas.site\/wp-content\/uploads\/2024\/03\/Groupe-2.png","width":188,"height":44,"caption":"Equitas"},"image":{"@id":"https:\/\/equitas.site\/#\/schema\/logo\/image\/"}},{"@type":"Person","@id":"https:\/\/equitas.site\/#\/schema\/person\/dd7e17205703348c59742d137575de32","name":"Equitas","image":{"@type":"ImageObject","inLanguage":"tr","@id":"https:\/\/equitas.site\/#\/schema\/person\/image\/","url":"https:\/\/secure.gravatar.com\/avatar\/?s=96&d=mm&r=g","contentUrl":"https:\/\/secure.gravatar.com\/avatar\/?s=96&d=mm&r=g","caption":"Equitas"},"url":"https:\/\/equitas.site\/tr\/author\/equitas\/"}]}},"_links":{"self":[{"href":"https:\/\/equitas.site\/tr\/wp-json\/wp\/v2\/posts\/4238","targetHints":{"allow":["GET"]}}],"collection":[{"href":"https:\/\/equitas.site\/tr\/wp-json\/wp\/v2\/posts"}],"about":[{"href":"https:\/\/equitas.site\/tr\/wp-json\/wp\/v2\/types\/post"}],"author":[{"embeddable":true,"href":"https:\/\/equitas.site\/tr\/wp-json\/wp\/v2\/users\/2"}],"replies":[{"embeddable":true,"href":"https:\/\/equitas.site\/tr\/wp-json\/wp\/v2\/comments?post=4238"}],"version-history":[{"count":1,"href":"https:\/\/equitas.site\/tr\/wp-json\/wp\/v2\/posts\/4238\/revisions"}],"predecessor-version":[{"id":4242,"href":"https:\/\/equitas.site\/tr\/wp-json\/wp\/v2\/posts\/4238\/revisions\/4242"}],"wp:featuredmedia":[{"embeddable":true,"href":"https:\/\/equitas.site\/tr\/wp-json\/wp\/v2\/media\/4241"}],"wp:attachment":[{"href":"https:\/\/equitas.site\/tr\/wp-json\/wp\/v2\/media?parent=4238"}],"wp:term":[{"taxonomy":"category","embeddable":true,"href":"https:\/\/equitas.site\/tr\/wp-json\/wp\/v2\/categories?post=4238"},{"taxonomy":"post_tag","embeddable":true,"href":"https:\/\/equitas.site\/tr\/wp-json\/wp\/v2\/tags?post=4238"}],"curies":[{"name":"wp","href":"https:\/\/api.w.org\/{rel}","templated":true}]}}